{"id":378,"date":"2020-06-28T20:27:14","date_gmt":"2020-06-28T18:27:14","guid":{"rendered":"http:\/\/michelmathes.de\/rallyeteam\/?p=378"},"modified":"2020-08-31T00:17:43","modified_gmt":"2020-08-30T22:17:43","slug":"hessen-rallye-days-2019","status":"publish","type":"post","link":"http:\/\/michelmathes.de\/rallyeteam\/hessen-rallye-days-2019\/","title":{"rendered":"Hessen Rallye Days 2019"},"content":{"rendered":"\t\t<div data-elementor-type=\"wp-post\" data-elementor-id=\"378\" class=\"elementor elementor-378\" data-elementor-settings=\"[]\">\n\t\t\t<div class=\"elementor-inner\">\n\t\t\t\t<div class=\"elementor-section-wrap\">\n\t\t\t\t\t\t\t<section class=\"elementor-element elementor-element-33e1b26 elementor-section-stretched elementor-section-boxed elementor-section-height-default elementor-section-height-default elementor-section elementor-top-section\" data-id=\"33e1b26\" data-element_type=\"section\" data-settings=\"{&quot;stretch_section&quot;:&quot;section-stretched&quot;,&quot;background_background&quot;:&quot;classic&quot;}\">\n\t\t\t\t\t\t<div class=\"elementor-container elementor-column-gap-default\">\n\t\t\t\t<div class=\"elementor-row\">\n\t\t\t\t<div class=\"elementor-element elementor-element-cff62fa elementor-column elementor-col-100 elementor-top-column\" data-id=\"cff62fa\" data-element_type=\"column\">\n\t\t\t<div class=\"elementor-column-wrap  elementor-element-populated\">\n\t\t\t\t\t<div class=\"elementor-widget-wrap\">\n\t\t\t\t<div class=\"elementor-element elementor-element-90020e1 elementor-widget elementor-widget-image\" data-id=\"90020e1\" data-element_type=\"widget\" data-widget_type=\"image.default\">\n\t\t\t\t<div class=\"elementor-widget-container\">\n\t\t\t\t\t<div class=\"elementor-image\">\n\t\t\t\t\t\t\t\t\t\t<img width=\"580\" height=\"327\" src=\"http:\/\/michelmathes.de\/rallyeteam\/wp-content\/uploads\/teaser_rallyedayshessen-1024x578.jpg\" class=\"attachment-large size-large\" alt=\"\" loading=\"lazy\" srcset=\"http:\/\/michelmathes.de\/rallyeteam\/wp-content\/uploads\/teaser_rallyedayshessen-1024x578.jpg 1024w, http:\/\/michelmathes.de\/rallyeteam\/wp-content\/uploads\/teaser_rallyedayshessen-300x169.jpg 300w, http:\/\/michelmathes.de\/rallyeteam\/wp-content\/uploads\/teaser_rallyedayshessen-768x433.jpg 768w, http:\/\/michelmathes.de\/rallyeteam\/wp-content\/uploads\/teaser_rallyedayshessen.jpg 1200w\" sizes=\"(max-width: 580px) 100vw, 580px\" \/>\t\t\t\t\t\t\t\t\t\t\t<\/div>\n\t\t\t\t<\/div>\n\t\t\t\t<\/div>\n\t\t\t\t\t\t<\/div>\n\t\t\t<\/div>\n\t\t<\/div>\n\t\t\t\t\t\t<\/div>\n\t\t\t<\/div>\n\t\t<\/section>\n\t\t\t\t<section class=\"elementor-element elementor-element-53adbaf elementor-section-stretched elementor-section-boxed elementor-section-height-default elementor-section-height-default elementor-section elementor-top-section\" data-id=\"53adbaf\" data-element_type=\"section\" data-settings=\"{&quot;stretch_section&quot;:&quot;section-stretched&quot;,&quot;background_background&quot;:&quot;classic&quot;}\">\n\t\t\t\t\t\t<div class=\"elementor-container elementor-column-gap-default\">\n\t\t\t\t<div class=\"elementor-row\">\n\t\t\t\t<div class=\"elementor-element elementor-element-e5b3d3a elementor-column elementor-col-50 elementor-top-column\" data-id=\"e5b3d3a\" data-element_type=\"column\">\n\t\t\t<div class=\"elementor-column-wrap  elementor-element-populated\">\n\t\t\t\t\t<div class=\"elementor-widget-wrap\">\n\t\t\t\t<div class=\"elementor-element elementor-element-05e22ad elementor-widget elementor-widget-heading\" data-id=\"05e22ad\" data-element_type=\"widget\" data-widget_type=\"heading.default\">\n\t\t\t\t<div class=\"elementor-widget-container\">\n\t\t\t<h2 class=\"elementor-heading-title elementor-size-default\">HESSEN RALLYE DAYS<br>07.09.2019<\/h2>\t\t<\/div>\n\t\t\t\t<\/div>\n\t\t\t\t\t\t<\/div>\n\t\t\t<\/div>\n\t\t<\/div>\n\t\t\t\t<div class=\"elementor-element elementor-element-6531d00 elementor-column elementor-col-50 elementor-top-column\" data-id=\"6531d00\" data-element_type=\"column\">\n\t\t\t<div class=\"elementor-column-wrap  elementor-element-populated\">\n\t\t\t\t\t<div class=\"elementor-widget-wrap\">\n\t\t\t\t<div class=\"elementor-element elementor-element-12152da elementor-widget elementor-widget-text-editor\" data-id=\"12152da\" data-element_type=\"widget\" data-widget_type=\"text-editor.default\">\n\t\t\t\t<div class=\"elementor-widget-container\">\n\t\t\t\t\t<div class=\"elementor-text-editor elementor-clearfix\"><p>Meinen Bericht \u00fcber die 3. ADAC Rallye Days Hessen m\u00f6chte ich dieses Mal gleich mit einem riesen Dank beginnen. Ich habe viele Teilnehmer geh\u00f6rt, die \u00fcber die Organisation gemeckert haben. Ob berechtigt oder unberechtigt.\u00a0<\/p><p>\u00a0<\/p><p>Bitte bedenkt, dass es sich hier um Menschen handelt, die ihre Freizeit daf\u00fcr opfern, dass wir Fahrer \u00fcberhaupt fahren k\u00f6nnen. Au\u00dferdem m\u00f6chte ich mich bei 42EForest Rallyevideos und Rallyeszene stellvertretend f\u00fcr alle Fotografen und Filmer bedanken, die ebenfalls sehr viel Zeit und auch Geld investieren um uns gute Bilder zu liefern. Sportlich gab es f\u00fcr uns H\u00f6hen und Tiefen. Fangen wir mit den Tiefen an: Und da sind zuerst die sehr tief ausgefahrenen Schotterwege zu nennen, f\u00fcr die wir wohl eher einen Golf Country gebraucht h\u00e4tten.\u00a0<\/p><p>\u00a0<\/p><p>Die Pr\u00fcfungen waren teilweise sehr hart und unser Auto hat sehr gelitten. Die kleine Serienbremse ist den langen Pr\u00fcfungen einfach nicht gewachsen und wir hatten am Ende der WPs oft Probleme mit \u00fcberhitzten Bremsen, was uns ein bisschen Zeit gekostet hat. Positiv ist, dass der Ausrutscher im Video eigentlich der einzige gr\u00f6bere Fahrfehler war und die Zeiten vor allem auf den kurzen WPs sehr zufriedenstellend waren, wenn man bedenkt, dass wir wiedermal das schw\u00e4chste Auto im Feld hatten. Sehr froh sind wir auch dar\u00fcber unsere ersten Kilometer bei absoluter Dunkelheit absolviert zu haben. Auf der 4KM langen WP7 waren wir nur 1 Sekunde langsamer als im Hellen, auch wenn die Bremsscheiben zwischenzeitlich die Au\u00dfenfarbe unseres Golfs annahmen.\u00a0<\/p><p>\u00a0<\/p><p>Am Ende m\u00f6chte ich noch meinen Beifahrer Julius loben, der von 6:30 Uhr bis zum Zieleinlauf um 22:00 Uhr einen hochkonzentrierten Job gemacht hat. Und nat\u00fcrlich allen danken, die daf\u00fcr sorgen, dass der Golf auch bei der siebten Rallye dieses Jahr ohne technische Probleme wie ein Uhrwerk lief und am Ende auf Platz 39 von 75 Startern im Ziel steht. DANKE!<\/p><p>\u00a0<\/p><p>Euer Michel<\/p><\/div>\n\t\t\t\t<\/div>\n\t\t\t\t<\/div>\n\t\t\t\t\t\t<\/div>\n\t\t\t<\/div>\n\t\t<\/div>\n\t\t\t\t\t\t<\/div>\n\t\t\t<\/div>\n\t\t<\/section>\n\t\t\t\t<section class=\"elementor-element elementor-element-49aeb83 elementor-section-stretched elementor-section-boxed elementor-section-height-default elementor-section-height-default elementor-section elementor-top-section\" data-id=\"49aeb83\" data-element_type=\"section\" data-settings=\"{&quot;stretch_section&quot;:&quot;section-stretched&quot;,&quot;background_background&quot;:&quot;classic&quot;}\">\n\t\t\t\t\t\t<div class=\"elementor-container elementor-column-gap-default\">\n\t\t\t\t<div class=\"elementor-row\">\n\t\t\t\t<div class=\"elementor-element elementor-element-4c857c9 elementor-column elementor-col-100 elementor-top-column\" data-id=\"4c857c9\" data-element_type=\"column\">\n\t\t\t<div class=\"elementor-column-wrap  elementor-element-populated\">\n\t\t\t\t\t<div class=\"elementor-widget-wrap\">\n\t\t\t\t<div class=\"elementor-element elementor-element-c0a0918 elementor-widget elementor-widget-foogallery\" data-id=\"c0a0918\" data-element_type=\"widget\" data-widget_type=\"foogallery.default\">\n\t\t\t\t<div class=\"elementor-widget-container\">\n\t\t\t<div class=\"foogallery foogallery-container foogallery-masonry foogallery-lightbox-none fg-center fg-masonry fg-light fg-loaded-fade-in fg-hover-zoomed fg-captions-bottom fg-hover-fade fg-transparent-overlays\" id=\"foogallery-gallery-465\" data-foogallery=\"{&quot;item&quot;:{&quot;showCaptionTitle&quot;:true,&quot;showCaptionDescription&quot;:true},&quot;lazy&quot;:true,&quot;src&quot;:&quot;data-src-fg&quot;,&quot;srcset&quot;:&quot;data-srcset-fg&quot;,&quot;template&quot;:{&quot;layout&quot;:&quot;col4&quot;}}\" data-fg-common-fields=\"1\" >\r\n\t<div class=\"fg-item\"><figure class=\"fg-item-inner\"><a href=\"http:\/\/michelmathes.de\/rallyeteam\/wp-content\/uploads\/2019_gruenberg_rallyedayshessen-1.jpg\" data-attachment-id=\"466\" class=\"fg-thumb\"><span class=\"fg-image-wrap\"><img width=\"350\" height=\"233\" data-src-fg=\"http:\/\/michelmathes.de\/rallyeteam\/wp-content\/uploads\/cache\/2019_gruenberg_rallyedayshessen-1\/3645131125.jpg\" class=\"fg-image\" \/><\/span><\/a><\/figure><div class=\"fg-loader\"><\/div><\/div><div class=\"fg-item\"><figure class=\"fg-item-inner\"><a href=\"http:\/\/michelmathes.de\/rallyeteam\/wp-content\/uploads\/2019_gruenberg_rallyedayshessen-1.png\" data-attachment-id=\"467\" class=\"fg-thumb\"><span class=\"fg-image-wrap\"><img width=\"350\" height=\"233\" data-src-fg=\"http:\/\/michelmathes.de\/rallyeteam\/wp-content\/uploads\/cache\/2019_gruenberg_rallyedayshessen-1\/2562469254.png\" class=\"fg-image\" \/><\/span><\/a><\/figure><div class=\"fg-loader\"><\/div><\/div><div class=\"fg-item\"><figure class=\"fg-item-inner\"><a href=\"http:\/\/michelmathes.de\/rallyeteam\/wp-content\/uploads\/2019_gruenberg_rallyedayshessen-2.jpg\" data-attachment-id=\"468\" class=\"fg-thumb\"><span class=\"fg-image-wrap\"><img width=\"350\" height=\"233\" data-src-fg=\"http:\/\/michelmathes.de\/rallyeteam\/wp-content\/uploads\/cache\/2019_gruenberg_rallyedayshessen-2\/3872277969.jpg\" class=\"fg-image\" \/><\/span><\/a><\/figure><div class=\"fg-loader\"><\/div><\/div><div class=\"fg-item\"><figure class=\"fg-item-inner\"><a href=\"http:\/\/michelmathes.de\/rallyeteam\/wp-content\/uploads\/2019_gruenberg_rallyedayshessen-3.jpg\" data-attachment-id=\"470\" class=\"fg-thumb\"><span class=\"fg-image-wrap\"><img width=\"350\" height=\"233\" data-src-fg=\"http:\/\/michelmathes.de\/rallyeteam\/wp-content\/uploads\/cache\/2019_gruenberg_rallyedayshessen-3\/3434733519.jpg\" class=\"fg-image\" \/><\/span><\/a><\/figure><div class=\"fg-loader\"><\/div><\/div><div class=\"fg-item\"><figure class=\"fg-item-inner\"><a href=\"http:\/\/michelmathes.de\/rallyeteam\/wp-content\/uploads\/2019_gruenberg_rallyedayshessen-4.jpg\" data-attachment-id=\"471\" class=\"fg-thumb\"><span class=\"fg-image-wrap\"><img width=\"350\" height=\"233\" data-src-fg=\"http:\/\/michelmathes.de\/rallyeteam\/wp-content\/uploads\/cache\/2019_gruenberg_rallyedayshessen-4\/4195990075.jpg\" class=\"fg-image\" \/><\/span><\/a><\/figure><div class=\"fg-loader\"><\/div><\/div><div class=\"fg-item\"><figure class=\"fg-item-inner\"><a href=\"http:\/\/michelmathes.de\/rallyeteam\/wp-content\/uploads\/2019_gruenberg_rallyedayshessen-5.jpg\" data-attachment-id=\"472\" class=\"fg-thumb\"><span class=\"fg-image-wrap\"><img width=\"350\" height=\"233\" data-src-fg=\"http:\/\/michelmathes.de\/rallyeteam\/wp-content\/uploads\/cache\/2019_gruenberg_rallyedayshessen-5\/1914441618.jpg\" class=\"fg-image\" \/><\/span><\/a><\/figure><div class=\"fg-loader\"><\/div><\/div><div class=\"fg-item\"><figure class=\"fg-item-inner\"><a href=\"http:\/\/michelmathes.de\/rallyeteam\/wp-content\/uploads\/2019_gruenberg_rallyedayshessen-6.jpg\" data-attachment-id=\"473\" class=\"fg-thumb\"><span class=\"fg-image-wrap\"><img width=\"350\" height=\"233\" data-src-fg=\"http:\/\/michelmathes.de\/rallyeteam\/wp-content\/uploads\/cache\/2019_gruenberg_rallyedayshessen-6\/3237373084.jpg\" class=\"fg-image\" \/><\/span><\/a><\/figure><div class=\"fg-loader\"><\/div><\/div><div class=\"fg-item\"><figure class=\"fg-item-inner\"><a href=\"http:\/\/michelmathes.de\/rallyeteam\/wp-content\/uploads\/2019_gruenberg_rallyedayshessen-7.jpg\" data-attachment-id=\"474\" class=\"fg-thumb\"><span class=\"fg-image-wrap\"><img width=\"350\" height=\"233\" data-src-fg=\"http:\/\/michelmathes.de\/rallyeteam\/wp-content\/uploads\/cache\/2019_gruenberg_rallyedayshessen-7\/3110494849.jpg\" class=\"fg-image\" \/><\/span><\/a><\/figure><div class=\"fg-loader\"><\/div><\/div><div class=\"fg-item\"><figure class=\"fg-item-inner\"><a href=\"http:\/\/michelmathes.de\/rallyeteam\/wp-content\/uploads\/2019_gruenberg_rallyedayshessen-8.jpg\" data-attachment-id=\"475\" class=\"fg-thumb\"><span class=\"fg-image-wrap\"><img width=\"350\" height=\"233\" data-src-fg=\"http:\/\/michelmathes.de\/rallyeteam\/wp-content\/uploads\/cache\/2019_gruenberg_rallyedayshessen-8\/1545804992.jpg\" class=\"fg-image\" \/><\/span><\/a><\/figure><div class=\"fg-loader\"><\/div><\/div><div class=\"fg-item\"><figure class=\"fg-item-inner\"><a href=\"http:\/\/michelmathes.de\/rallyeteam\/wp-content\/uploads\/2019_gruenberg_rallyedayshessen-9.jpg\" data-attachment-id=\"476\" class=\"fg-thumb\"><span class=\"fg-image-wrap\"><img width=\"350\" height=\"197\" data-src-fg=\"http:\/\/michelmathes.de\/rallyeteam\/wp-content\/uploads\/cache\/2019_gruenberg_rallyedayshessen-9\/3559303529.jpg\" class=\"fg-image\" \/><\/span><\/a><\/figure><div class=\"fg-loader\"><\/div><\/div><div class=\"fg-item\"><figure class=\"fg-item-inner\"><a href=\"http:\/\/michelmathes.de\/rallyeteam\/wp-content\/uploads\/2019_gruenberg_rallyedayshessen-11.jpg\" data-attachment-id=\"478\" class=\"fg-thumb\"><span class=\"fg-image-wrap\"><img width=\"350\" height=\"233\" data-src-fg=\"http:\/\/michelmathes.de\/rallyeteam\/wp-content\/uploads\/cache\/2019_gruenberg_rallyedayshessen-11\/2116822261.jpg\" class=\"fg-image\" \/><\/span><\/a><\/figure><div class=\"fg-loader\"><\/div><\/div><div class=\"fg-item\"><figure class=\"fg-item-inner\"><a href=\"http:\/\/michelmathes.de\/rallyeteam\/wp-content\/uploads\/2019_gruenberg_rallyedayshessen-12.jpg\" data-attachment-id=\"479\" class=\"fg-thumb\"><span class=\"fg-image-wrap\"><img width=\"350\" height=\"525\" data-src-fg=\"http:\/\/michelmathes.de\/rallyeteam\/wp-content\/uploads\/cache\/2019_gruenberg_rallyedayshessen-12\/1601683361.jpg\" class=\"fg-image\" \/><\/span><\/a><\/figure><div class=\"fg-loader\"><\/div><\/div><div class=\"fg-item\"><figure class=\"fg-item-inner\"><a href=\"http:\/\/michelmathes.de\/rallyeteam\/wp-content\/uploads\/2019_gruenberg_rallyedayshessen-13.jpg\" data-attachment-id=\"480\" class=\"fg-thumb\"><span class=\"fg-image-wrap\"><img width=\"350\" height=\"233\" data-src-fg=\"http:\/\/michelmathes.de\/rallyeteam\/wp-content\/uploads\/cache\/2019_gruenberg_rallyedayshessen-13\/4045115892.jpg\" class=\"fg-image\" \/><\/span><\/a><\/figure><div class=\"fg-loader\"><\/div><\/div><div class=\"fg-item\"><figure class=\"fg-item-inner\"><a href=\"http:\/\/michelmathes.de\/rallyeteam\/wp-content\/uploads\/2019_gruenberg_rallyedayshessen-14.jpg\" data-attachment-id=\"481\" class=\"fg-thumb\"><span class=\"fg-image-wrap\"><img width=\"350\" height=\"233\" data-src-fg=\"http:\/\/michelmathes.de\/rallyeteam\/wp-content\/uploads\/cache\/2019_gruenberg_rallyedayshessen-14\/1409942618.jpg\" class=\"fg-image\" \/><\/span><\/a><\/figure><div class=\"fg-loader\"><\/div><\/div><div class=\"fg-item\"><figure class=\"fg-item-inner\"><a href=\"http:\/\/michelmathes.de\/rallyeteam\/wp-content\/uploads\/2019_gruenberg_rallyedayshessen-15.jpg\" data-attachment-id=\"482\" class=\"fg-thumb\"><span class=\"fg-image-wrap\"><img width=\"350\" height=\"233\" data-src-fg=\"http:\/\/michelmathes.de\/rallyeteam\/wp-content\/uploads\/cache\/2019_gruenberg_rallyedayshessen-15\/3014436700.jpg\" class=\"fg-image\" \/><\/span><\/a><\/figure><div class=\"fg-loader\"><\/div><\/div><div class=\"fg-item\"><figure class=\"fg-item-inner\"><a href=\"http:\/\/michelmathes.de\/rallyeteam\/wp-content\/uploads\/2019_gruenberg_rallyedayshessen-16.jpg\" data-attachment-id=\"483\" class=\"fg-thumb\"><span class=\"fg-image-wrap\"><img width=\"350\" height=\"233\" data-src-fg=\"http:\/\/michelmathes.de\/rallyeteam\/wp-content\/uploads\/cache\/2019_gruenberg_rallyedayshessen-16\/2465676296.jpg\" class=\"fg-image\" \/><\/span><\/a><\/figure><div class=\"fg-loader\"><\/div><\/div><div class=\"fg-item\"><figure class=\"fg-item-inner\"><a href=\"http:\/\/michelmathes.de\/rallyeteam\/wp-content\/uploads\/2019_gruenberg_rallyedayshessen-17.jpg\" data-attachment-id=\"484\" class=\"fg-thumb\"><span class=\"fg-image-wrap\"><img width=\"350\" height=\"233\" data-src-fg=\"http:\/\/michelmathes.de\/rallyeteam\/wp-content\/uploads\/cache\/2019_gruenberg_rallyedayshessen-17\/2811291409.jpg\" class=\"fg-image\" \/><\/span><\/a><\/figure><div class=\"fg-loader\"><\/div><\/div><div class=\"fg-item\"><figure class=\"fg-item-inner\"><a href=\"http:\/\/michelmathes.de\/rallyeteam\/wp-content\/uploads\/2019_gruenberg_rallyedayshessen-18.jpg\" data-attachment-id=\"485\" class=\"fg-thumb\"><span class=\"fg-image-wrap\"><img width=\"350\" height=\"233\" data-src-fg=\"http:\/\/michelmathes.de\/rallyeteam\/wp-content\/uploads\/cache\/2019_gruenberg_rallyedayshessen-18\/3513018634.jpg\" class=\"fg-image\" \/><\/span><\/a><\/figure><div class=\"fg-loader\"><\/div><\/div><div class=\"fg-item\"><figure class=\"fg-item-inner\"><a href=\"http:\/\/michelmathes.de\/rallyeteam\/wp-content\/uploads\/2019_gruenberg_rallyedayshessen-19.jpg\" data-attachment-id=\"486\" class=\"fg-thumb\"><span class=\"fg-image-wrap\"><img width=\"350\" height=\"233\" data-src-fg=\"http:\/\/michelmathes.de\/rallyeteam\/wp-content\/uploads\/cache\/2019_gruenberg_rallyedayshessen-19\/918735372.jpg\" class=\"fg-image\" \/><\/span><\/a><\/figure><div class=\"fg-loader\"><\/div><\/div><div class=\"fg-item\"><figure class=\"fg-item-inner\"><a href=\"http:\/\/michelmathes.de\/rallyeteam\/wp-content\/uploads\/2019_gruenberg_rallyedayshessen-20.jpg\" data-attachment-id=\"487\" class=\"fg-thumb\"><span class=\"fg-image-wrap\"><img width=\"350\" height=\"233\" data-src-fg=\"http:\/\/michelmathes.de\/rallyeteam\/wp-content\/uploads\/cache\/2019_gruenberg_rallyedayshessen-20\/3218370901.jpg\" class=\"fg-image\" \/><\/span><\/a><\/figure><div class=\"fg-loader\"><\/div><\/div><div class=\"fg-item\"><figure class=\"fg-item-inner\"><a href=\"http:\/\/michelmathes.de\/rallyeteam\/wp-content\/uploads\/2019_gruenberg_rallyedayshessen-21.jpg\" data-attachment-id=\"488\" class=\"fg-thumb\"><span class=\"fg-image-wrap\"><img width=\"350\" height=\"233\" data-src-fg=\"http:\/\/michelmathes.de\/rallyeteam\/wp-content\/uploads\/cache\/2019_gruenberg_rallyedayshessen-21\/4097858611.jpg\" class=\"fg-image\" \/><\/span><\/a><\/figure><div class=\"fg-loader\"><\/div><\/div><\/div>\t\t<\/div>\n\t\t\t\t<\/div>\n\t\t\t\t\t\t<\/div>\n\t\t\t<\/div>\n\t\t<\/div>\n\t\t\t\t\t\t<\/div>\n\t\t\t<\/div>\n\t\t<\/section>\n\t\t\t\t<section class=\"elementor-element elementor-element-1f14138f elementor-section-stretched elementor-section-boxed elementor-section-height-default elementor-section-height-default elementor-section elementor-top-section\" data-id=\"1f14138f\" data-element_type=\"section\" data-settings=\"{&quot;stretch_section&quot;:&quot;section-stretched&quot;,&quot;background_background&quot;:&quot;classic&quot;}\">\n\t\t\t\t\t\t<div class=\"elementor-container elementor-column-gap-default\">\n\t\t\t\t<div class=\"elementor-row\">\n\t\t\t\t<div class=\"elementor-element elementor-element-73c424d9 elementor-column elementor-col-100 elementor-top-column\" data-id=\"73c424d9\" data-element_type=\"column\">\n\t\t\t<div class=\"elementor-column-wrap  elementor-element-populated\">\n\t\t\t\t\t<div class=\"elementor-widget-wrap\">\n\t\t\t\t<section class=\"elementor-element elementor-element-58059dfc elementor-section-boxed elementor-section-height-default elementor-section-height-default elementor-section elementor-inner-section\" data-id=\"58059dfc\" data-element_type=\"section\">\n\t\t\t\t\t\t<div class=\"elementor-container elementor-column-gap-default\">\n\t\t\t\t<div class=\"elementor-row\">\n\t\t\t\t<div class=\"elementor-element elementor-element-6fd53e6d elementor-column elementor-col-33 elementor-inner-column\" data-id=\"6fd53e6d\" data-element_type=\"column\">\n\t\t\t<div class=\"elementor-column-wrap  elementor-element-populated\">\n\t\t\t\t\t<div class=\"elementor-widget-wrap\">\n\t\t\t\t<div class=\"elementor-element elementor-element-11e123e6 elementor-widget elementor-widget-heading\" data-id=\"11e123e6\" data-element_type=\"widget\" data-widget_type=\"heading.default\">\n\t\t\t\t<div class=\"elementor-widget-container\">\n\t\t\t<h2 class=\"elementor-heading-title elementor-size-default\">WIR SIND MM17<\/h2>\t\t<\/div>\n\t\t\t\t<\/div>\n\t\t\t\t<div class=\"elementor-element elementor-element-7389824f elementor-widget elementor-widget-divider\" data-id=\"7389824f\" data-element_type=\"widget\" data-widget_type=\"divider.default\">\n\t\t\t\t<div class=\"elementor-widget-container\">\n\t\t\t\t\t<div class=\"elementor-divider\">\n\t\t\t<span class=\"elementor-divider-separator\">\n\t\t\t\t\t\t<\/span>\n\t\t<\/div>\n\t\t\t\t<\/div>\n\t\t\t\t<\/div>\n\t\t\t\t<div class=\"elementor-element elementor-element-ec4e309 elementor-widget elementor-widget-image\" data-id=\"ec4e309\" data-element_type=\"widget\" data-widget_type=\"image.default\">\n\t\t\t\t<div class=\"elementor-widget-container\">\n\t\t\t\t\t<div class=\"elementor-image\">\n\t\t\t\t\t\t\t\t\t\t<img width=\"300\" height=\"75\" src=\"http:\/\/michelmathes.de\/rallyeteam\/wp-content\/uploads\/2020\/04\/logo_mm17-rot-300x75.png\" class=\"attachment-medium size-medium\" alt=\"\" loading=\"lazy\" srcset=\"http:\/\/michelmathes.de\/rallyeteam\/wp-content\/uploads\/2020\/04\/logo_mm17-rot-300x75.png 300w, http:\/\/michelmathes.de\/rallyeteam\/wp-content\/uploads\/2020\/04\/logo_mm17-rot-1024x258.png 1024w, http:\/\/michelmathes.de\/rallyeteam\/wp-content\/uploads\/2020\/04\/logo_mm17-rot-768x193.png 768w, http:\/\/michelmathes.de\/rallyeteam\/wp-content\/uploads\/2020\/04\/logo_mm17-rot-1200x302.png 1200w, http:\/\/michelmathes.de\/rallyeteam\/wp-content\/uploads\/2020\/04\/logo_mm17-rot.png 1220w\" sizes=\"(max-width: 300px) 100vw, 300px\" \/>\t\t\t\t\t\t\t\t\t\t\t<\/div>\n\t\t\t\t<\/div>\n\t\t\t\t<\/div>\n\t\t\t\t\t\t<\/div>\n\t\t\t<\/div>\n\t\t<\/div>\n\t\t\t\t<div class=\"elementor-element elementor-element-32bb1a03 elementor-column elementor-col-33 elementor-inner-column\" data-id=\"32bb1a03\" data-element_type=\"column\">\n\t\t\t<div class=\"elementor-column-wrap  elementor-element-populated\">\n\t\t\t\t\t<div class=\"elementor-widget-wrap\">\n\t\t\t\t<div class=\"elementor-element elementor-element-2c715f63 elementor-widget elementor-widget-heading\" data-id=\"2c715f63\" data-element_type=\"widget\" data-widget_type=\"heading.default\">\n\t\t\t\t<div class=\"elementor-widget-container\">\n\t\t\t<h2 class=\"elementor-heading-title elementor-size-default\">QUICKLINKS<\/h2>\t\t<\/div>\n\t\t\t\t<\/div>\n\t\t\t\t<div class=\"elementor-element elementor-element-3cb0eefe elementor-widget elementor-widget-divider\" data-id=\"3cb0eefe\" data-element_type=\"widget\" data-widget_type=\"divider.default\">\n\t\t\t\t<div class=\"elementor-widget-container\">\n\t\t\t\t\t<div class=\"elementor-divider\">\n\t\t\t<span class=\"elementor-divider-separator\">\n\t\t\t\t\t\t<\/span>\n\t\t<\/div>\n\t\t\t\t<\/div>\n\t\t\t\t<\/div>\n\t\t\t\t<div class=\"elementor-element elementor-element-29efca0e elementor-widget elementor-widget-text-editor\" data-id=\"29efca0e\" data-element_type=\"widget\" data-widget_type=\"text-editor.default\">\n\t\t\t\t<div class=\"elementor-widget-container\">\n\t\t\t\t\t<div class=\"elementor-text-editor elementor-clearfix\"><p><span style=\"color: #000000;\"><a style=\"color: #000000;\" href=\"\/rallyeteam\/team\">Team<\/a><\/span><\/p><p><span style=\"color: #000000;\"><a style=\"color: #000000;\" href=\"\/rallyeteam\/auto\">Auto<\/a><\/span><\/p><p><span style=\"color: #000000;\"><a style=\"color: #000000;\" href=\"\/rallyeteam\/saison\">Saison<\/a><\/span><\/p><p><span style=\"color: #000000;\"><a style=\"color: #000000;\" href=\"\/rallyeteam\/partner\">Partner<\/a><\/span><\/p><p><span style=\"color: #000000;\"><a style=\"color: #000000;\" href=\"\/rallyeteam\/kontakt\">Kontakt<\/a><\/span><\/p><\/div>\n\t\t\t\t<\/div>\n\t\t\t\t<\/div>\n\t\t\t\t\t\t<\/div>\n\t\t\t<\/div>\n\t\t<\/div>\n\t\t\t\t<div class=\"elementor-element elementor-element-555338b0 elementor-column elementor-col-33 elementor-inner-column\" data-id=\"555338b0\" data-element_type=\"column\">\n\t\t\t<div class=\"elementor-column-wrap  elementor-element-populated\">\n\t\t\t\t\t<div class=\"elementor-widget-wrap\">\n\t\t\t\t<div class=\"elementor-element elementor-element-747fcbe3 elementor-widget elementor-widget-heading\" data-id=\"747fcbe3\" data-element_type=\"widget\" data-widget_type=\"heading.default\">\n\t\t\t\t<div class=\"elementor-widget-container\">\n\t\t\t<h2 class=\"elementor-heading-title elementor-size-default\">FOLGE UNS HIER<\/h2>\t\t<\/div>\n\t\t\t\t<\/div>\n\t\t\t\t<div class=\"elementor-element elementor-element-9490224 elementor-widget elementor-widget-divider\" data-id=\"9490224\" data-element_type=\"widget\" data-widget_type=\"divider.default\">\n\t\t\t\t<div class=\"elementor-widget-container\">\n\t\t\t\t\t<div class=\"elementor-divider\">\n\t\t\t<span class=\"elementor-divider-separator\">\n\t\t\t\t\t\t<\/span>\n\t\t<\/div>\n\t\t\t\t<\/div>\n\t\t\t\t<\/div>\n\t\t\t\t<div class=\"elementor-element elementor-element-4a055f13 elementor-widget elementor-widget-text-editor\" data-id=\"4a055f13\" data-element_type=\"widget\" data-widget_type=\"text-editor.default\">\n\t\t\t\t<div class=\"elementor-widget-container\">\n\t\t\t\t\t<div class=\"elementor-text-editor elementor-clearfix\"><p><a href=\"https:\/\/www.facebook.com\/MM17.de\/\" target=\"_blank\" rel=\"noopener\"><img class=\"alignleft wp-image-182\" role=\"img\" src=\"http:\/\/michelmathes.de\/rallyeteam\/wp-content\/uploads\/2020\/04\/facebook.svg\" alt=\"\" width=\"75\" srcset=\"http:\/\/michelmathes.de\/rallyeteam\/wp-content\/uploads\/\/2020\/04\/facebook.svg 150w, http:\/\/michelmathes.de\/rallyeteam\/wp-content\/uploads\/\/2020\/04\/facebook.svg 300w, http:\/\/michelmathes.de\/rallyeteam\/wp-content\/uploads\/\/2020\/04\/facebook.svg 1024w, http:\/\/michelmathes.de\/rallyeteam\/wp-content\/uploads\/\/2020\/04\/facebook.svg 1536w, http:\/\/michelmathes.de\/rallyeteam\/wp-content\/uploads\/\/2020\/04\/facebook.svg 2048w, http:\/\/michelmathes.de\/rallyeteam\/wp-content\/uploads\/\/2020\/04\/facebook.svg 188w\" sizes=\"(max-width: 188px) 100vw, 188px\" \/><\/a><a href=\"https:\/\/www.instagram.com\/mm17.de\/\" target=\"_blank\" rel=\"noopener\"><img class=\"alignleft wp-image-183\" role=\"img\" src=\"http:\/\/michelmathes.de\/rallyeteam\/wp-content\/uploads\/2020\/04\/instagram.svg\" alt=\"\" width=\"75\" srcset=\"http:\/\/michelmathes.de\/rallyeteam\/wp-content\/uploads\/\/2020\/04\/instagram.svg 150w, http:\/\/michelmathes.de\/rallyeteam\/wp-content\/uploads\/\/2020\/04\/instagram.svg 300w, http:\/\/michelmathes.de\/rallyeteam\/wp-content\/uploads\/\/2020\/04\/instagram.svg 1024w, http:\/\/michelmathes.de\/rallyeteam\/wp-content\/uploads\/\/2020\/04\/instagram.svg 1536w, http:\/\/michelmathes.de\/rallyeteam\/wp-content\/uploads\/\/2020\/04\/instagram.svg 2048w, http:\/\/michelmathes.de\/rallyeteam\/wp-content\/uploads\/\/2020\/04\/instagram.svg 188w\" sizes=\"(max-width: 188px) 100vw, 188px\" \/><\/a><\/p><\/div>\n\t\t\t\t<\/div>\n\t\t\t\t<\/div>\n\t\t\t\t\t\t<\/div>\n\t\t\t<\/div>\n\t\t<\/div>\n\t\t\t\t\t\t<\/div>\n\t\t\t<\/div>\n\t\t<\/section>\n\t\t\t\t\t\t<\/div>\n\t\t\t<\/div>\n\t\t<\/div>\n\t\t\t\t\t\t<\/div>\n\t\t\t<\/div>\n\t\t<\/section>\n\t\t\t\t<section class=\"elementor-element elementor-element-46bcb025 elementor-section-stretched elementor-section-height-min-height elementor-section-boxed elementor-section-height-default elementor-section-items-middle elementor-section elementor-top-section\" data-id=\"46bcb025\" data-element_type=\"section\" data-settings=\"{&quot;stretch_section&quot;:&quot;section-stretched&quot;,&quot;background_background&quot;:&quot;classic&quot;}\">\n\t\t\t\t\t\t<div class=\"elementor-container elementor-column-gap-default\">\n\t\t\t\t<div class=\"elementor-row\">\n\t\t\t\t<div class=\"elementor-element elementor-element-6c933b8f elementor-column elementor-col-100 elementor-top-column\" data-id=\"6c933b8f\" data-element_type=\"column\">\n\t\t\t<div class=\"elementor-column-wrap  elementor-element-populated\">\n\t\t\t\t\t<div class=\"elementor-widget-wrap\">\n\t\t\t\t<div class=\"elementor-element elementor-element-5790ca0 elementor-widget elementor-widget-text-editor\" data-id=\"5790ca0\" data-element_type=\"widget\" data-widget_type=\"text-editor.default\">\n\t\t\t\t<div class=\"elementor-widget-container\">\n\t\t\t\t\t<div class=\"elementor-text-editor elementor-clearfix\"><p><span style=\"color: #ffffff;\"><a style=\"color: #ffffff;\" href=\"\/rallyeteam\/impressum\">Impressum<\/a><\/span> | <span style=\"color: #ffffff;\"><a style=\"color: #ffffff;\" href=\"\/rallyeteam\/datenschutz\">Datenschutz<\/a><\/span><\/p><\/div>\n\t\t\t\t<\/div>\n\t\t\t\t<\/div>\n\t\t\t\t\t\t<\/div>\n\t\t\t<\/div>\n\t\t<\/div>\n\t\t\t\t\t\t<\/div>\n\t\t\t<\/div>\n\t\t<\/section>\n\t\t\t\t\t\t<\/div>\n\t\t\t<\/div>\n\t\t<\/div>\n\t\t","protected":false},"excerpt":{"rendered":"<p>HESSEN RALLYE DAYS07.09.2019 Meinen Bericht \u00fcber die 3. ADAC Rallye Days Hessen m\u00f6chte ich dieses Mal gleich mit einem riesen Dank beginnen. Ich habe viele Teilnehmer geh\u00f6rt, die \u00fcber die Organisation gemeckert haben. Ob berechtigt oder unberechtigt.\u00a0 \u00a0 Bitte bedenkt, dass es sich hier um Menschen handelt, die ihre Freizeit daf\u00fcr opfern, dass wir Fahrer [&hellip;]<\/p>\n","protected":false},"author":1,"featured_media":0,"comment_status":"closed","ping_status":"closed","sticky":false,"template":"","format":"standard","meta":{"_monsterinsights_skip_tracking":false,"_monsterinsights_sitenote_active":false,"_monsterinsights_sitenote_note":"","_monsterinsights_sitenote_category":0},"categories":[1],"tags":[],"_links":{"self":[{"href":"http:\/\/michelmathes.de\/rallyeteam\/wp-json\/wp\/v2\/posts\/378"}],"collection":[{"href":"http:\/\/michelmathes.de\/rallyeteam\/wp-json\/wp\/v2\/posts"}],"about":[{"href":"http:\/\/michelmathes.de\/rallyeteam\/wp-json\/wp\/v2\/types\/post"}],"author":[{"embeddable":true,"href":"http:\/\/michelmathes.de\/rallyeteam\/wp-json\/wp\/v2\/users\/1"}],"replies":[{"embeddable":true,"href":"http:\/\/michelmathes.de\/rallyeteam\/wp-json\/wp\/v2\/comments?post=378"}],"version-history":[{"count":10,"href":"http:\/\/michelmathes.de\/rallyeteam\/wp-json\/wp\/v2\/posts\/378\/revisions"}],"predecessor-version":[{"id":786,"href":"http:\/\/michelmathes.de\/rallyeteam\/wp-json\/wp\/v2\/posts\/378\/revisions\/786"}],"wp:attachment":[{"href":"http:\/\/michelmathes.de\/rallyeteam\/wp-json\/wp\/v2\/media?parent=378"}],"wp:term":[{"taxonomy":"category","embeddable":true,"href":"http:\/\/michelmathes.de\/rallyeteam\/wp-json\/wp\/v2\/categories?post=378"},{"taxonomy":"post_tag","embeddable":true,"href":"http:\/\/michelmathes.de\/rallyeteam\/wp-json\/wp\/v2\/tags?post=378"}],"curies":[{"name":"wp","href":"https:\/\/api.w.org\/{rel}","templated":true}]}}