{"id":382,"date":"2020-06-28T20:29:33","date_gmt":"2020-06-28T18:29:33","guid":{"rendered":"http:\/\/michelmathes.de\/rallyeteam\/?p=382"},"modified":"2020-08-31T00:18:24","modified_gmt":"2020-08-30T22:18:24","slug":"rallye-fraenkische-schweiz-2019","status":"publish","type":"post","link":"http:\/\/michelmathes.de\/rallyeteam\/rallye-fraenkische-schweiz-2019\/","title":{"rendered":"Rallye Fr\u00e4nkische Schweiz 2019"},"content":{"rendered":"\t\t<div data-elementor-type=\"wp-post\" data-elementor-id=\"382\" class=\"elementor elementor-382\" data-elementor-settings=\"[]\">\n\t\t\t<div class=\"elementor-inner\">\n\t\t\t\t<div class=\"elementor-section-wrap\">\n\t\t\t\t\t\t\t<section class=\"elementor-element elementor-element-33e1b26 elementor-section-stretched elementor-section-boxed elementor-section-height-default elementor-section-height-default elementor-section elementor-top-section\" data-id=\"33e1b26\" data-element_type=\"section\" data-settings=\"{&quot;stretch_section&quot;:&quot;section-stretched&quot;,&quot;background_background&quot;:&quot;classic&quot;}\">\n\t\t\t\t\t\t<div class=\"elementor-container elementor-column-gap-default\">\n\t\t\t\t<div class=\"elementor-row\">\n\t\t\t\t<div class=\"elementor-element elementor-element-cff62fa elementor-column elementor-col-100 elementor-top-column\" data-id=\"cff62fa\" data-element_type=\"column\">\n\t\t\t<div class=\"elementor-column-wrap  elementor-element-populated\">\n\t\t\t\t\t<div class=\"elementor-widget-wrap\">\n\t\t\t\t<div class=\"elementor-element elementor-element-90020e1 elementor-widget elementor-widget-image\" data-id=\"90020e1\" data-element_type=\"widget\" data-widget_type=\"image.default\">\n\t\t\t\t<div class=\"elementor-widget-container\">\n\t\t\t\t\t<div class=\"elementor-image\">\n\t\t\t\t\t\t\t\t\t\t<img width=\"580\" height=\"327\" src=\"http:\/\/michelmathes.de\/rallyeteam\/wp-content\/uploads\/teaser_fr-schweiz2019-1024x578.jpg\" class=\"attachment-large size-large\" alt=\"\" loading=\"lazy\" srcset=\"http:\/\/michelmathes.de\/rallyeteam\/wp-content\/uploads\/teaser_fr-schweiz2019-1024x578.jpg 1024w, http:\/\/michelmathes.de\/rallyeteam\/wp-content\/uploads\/teaser_fr-schweiz2019-300x169.jpg 300w, http:\/\/michelmathes.de\/rallyeteam\/wp-content\/uploads\/teaser_fr-schweiz2019-768x433.jpg 768w, http:\/\/michelmathes.de\/rallyeteam\/wp-content\/uploads\/teaser_fr-schweiz2019.jpg 1200w\" sizes=\"(max-width: 580px) 100vw, 580px\" \/>\t\t\t\t\t\t\t\t\t\t\t<\/div>\n\t\t\t\t<\/div>\n\t\t\t\t<\/div>\n\t\t\t\t\t\t<\/div>\n\t\t\t<\/div>\n\t\t<\/div>\n\t\t\t\t\t\t<\/div>\n\t\t\t<\/div>\n\t\t<\/section>\n\t\t\t\t<section class=\"elementor-element elementor-element-53adbaf elementor-section-stretched elementor-section-boxed elementor-section-height-default elementor-section-height-default elementor-section elementor-top-section\" data-id=\"53adbaf\" data-element_type=\"section\" data-settings=\"{&quot;stretch_section&quot;:&quot;section-stretched&quot;,&quot;background_background&quot;:&quot;classic&quot;}\">\n\t\t\t\t\t\t<div class=\"elementor-container elementor-column-gap-default\">\n\t\t\t\t<div class=\"elementor-row\">\n\t\t\t\t<div class=\"elementor-element elementor-element-e5b3d3a elementor-column elementor-col-50 elementor-top-column\" data-id=\"e5b3d3a\" data-element_type=\"column\">\n\t\t\t<div class=\"elementor-column-wrap  elementor-element-populated\">\n\t\t\t\t\t<div class=\"elementor-widget-wrap\">\n\t\t\t\t<div class=\"elementor-element elementor-element-05e22ad elementor-widget elementor-widget-heading\" data-id=\"05e22ad\" data-element_type=\"widget\" data-widget_type=\"heading.default\">\n\t\t\t\t<div class=\"elementor-widget-container\">\n\t\t\t<h2 class=\"elementor-heading-title elementor-size-default\">RALLYE FR\u00c4NKISCHE SCHWEIZ<br>2019<\/h2>\t\t<\/div>\n\t\t\t\t<\/div>\n\t\t\t\t\t\t<\/div>\n\t\t\t<\/div>\n\t\t<\/div>\n\t\t\t\t<div class=\"elementor-element elementor-element-6531d00 elementor-column elementor-col-50 elementor-top-column\" data-id=\"6531d00\" data-element_type=\"column\">\n\t\t\t<div class=\"elementor-column-wrap  elementor-element-populated\">\n\t\t\t\t\t<div class=\"elementor-widget-wrap\">\n\t\t\t\t<div class=\"elementor-element elementor-element-12152da elementor-widget elementor-widget-text-editor\" data-id=\"12152da\" data-element_type=\"widget\" data-widget_type=\"text-editor.default\">\n\t\t\t\t<div class=\"elementor-widget-container\">\n\t\t\t\t\t<div class=\"elementor-text-editor elementor-clearfix\"><p>Der Bericht zu unserer Rallye f\u00e4llt heute kurz aus:<\/p>\n<p><\/p>\n<p>Ein Dreher bei hoher Geschwindigkeit auf WP1 hat uns im Vergleich zum zweiten Durchgang circa 38 Sekunden gekostet, die wir aber den Umst\u00e4nden (schmaler Waldweg) gerne in Kauf nehmen, sind froh nirgendwo angeschlagen zu sein. Danach lief es bis auf einen Verbremser wie am Schn\u00fcrchen und wir konnten den Golf2 1.8l Cup souver\u00e4n zu unseren Gunsten entscheiden. In der Klasse wurde es dank mehrerer Bestzeiten sogar noch ein zweiter Platz bei sechs Startern mit rund 29 Sekunden R\u00fcckstand auf den Erstplatzierten.<\/p><p><br><\/p><p>Jetzt haben wir in zwei Wochen den Matchball bei der Rallye Baden-W\u00fcrttemberg und k\u00f6nnen dort die Meisterschaft im Golf-Cup holen. Dr\u00fcckt uns die Daumen!<\/p><p><br><\/p>\n<p><\/p>\n<p>Euer Michel<\/p><\/div>\n\t\t\t\t<\/div>\n\t\t\t\t<\/div>\n\t\t\t\t\t\t<\/div>\n\t\t\t<\/div>\n\t\t<\/div>\n\t\t\t\t\t\t<\/div>\n\t\t\t<\/div>\n\t\t<\/section>\n\t\t\t\t<section class=\"elementor-element elementor-element-3e76103 elementor-section-stretched elementor-section-boxed elementor-section-height-default elementor-section-height-default elementor-section elementor-top-section\" data-id=\"3e76103\" data-element_type=\"section\" data-settings=\"{&quot;stretch_section&quot;:&quot;section-stretched&quot;,&quot;background_background&quot;:&quot;classic&quot;}\">\n\t\t\t\t\t\t<div class=\"elementor-container elementor-column-gap-default\">\n\t\t\t\t<div class=\"elementor-row\">\n\t\t\t\t<div class=\"elementor-element elementor-element-035ea3f elementor-column elementor-col-100 elementor-top-column\" data-id=\"035ea3f\" data-element_type=\"column\">\n\t\t\t<div class=\"elementor-column-wrap  elementor-element-populated\">\n\t\t\t\t\t<div class=\"elementor-widget-wrap\">\n\t\t\t\t<div class=\"elementor-element elementor-element-6b5f6de elementor-widget elementor-widget-foogallery\" data-id=\"6b5f6de\" data-element_type=\"widget\" data-widget_type=\"foogallery.default\">\n\t\t\t\t<div class=\"elementor-widget-container\">\n\t\t\t<div class=\"foogallery foogallery-container foogallery-masonry foogallery-lightbox-none fg-center fg-masonry fg-light fg-loaded-fade-in fg-hover-zoomed fg-captions-bottom fg-hover-fade fg-transparent-overlays\" id=\"foogallery-gallery-547\" data-foogallery=\"{&quot;item&quot;:{&quot;showCaptionTitle&quot;:true,&quot;showCaptionDescription&quot;:true},&quot;lazy&quot;:true,&quot;src&quot;:&quot;data-src-fg&quot;,&quot;srcset&quot;:&quot;data-srcset-fg&quot;,&quot;template&quot;:{&quot;layout&quot;:&quot;col4&quot;}}\" data-fg-common-fields=\"1\" >\r\n\t<div class=\"fg-item\"><figure class=\"fg-item-inner\"><a href=\"http:\/\/michelmathes.de\/rallyeteam\/wp-content\/uploads\/2019_rallye_fr\u201enkische_schweiz-4.jpg\" data-attachment-id=\"548\" class=\"fg-thumb\"><span class=\"fg-image-wrap\"><img width=\"350\" height=\"233\" data-src-fg=\"http:\/\/michelmathes.de\/rallyeteam\/wp-content\/uploads\/cache\/2019_rallye_fr\u201enkische_schweiz-4\/4079472927.jpg\" class=\"fg-image\" \/><\/span><\/a><\/figure><div class=\"fg-loader\"><\/div><\/div><div class=\"fg-item\"><figure class=\"fg-item-inner\"><a href=\"http:\/\/michelmathes.de\/rallyeteam\/wp-content\/uploads\/2019_rallye_fr\u201enkische_schweiz-16.jpg\" data-attachment-id=\"549\" class=\"fg-thumb\"><span class=\"fg-image-wrap\"><img width=\"350\" height=\"233\" data-src-fg=\"http:\/\/michelmathes.de\/rallyeteam\/wp-content\/uploads\/cache\/2019_rallye_fr\u201enkische_schweiz-16\/1591786502.jpg\" class=\"fg-image\" \/><\/span><\/a><\/figure><div class=\"fg-loader\"><\/div><\/div><div class=\"fg-item\"><figure class=\"fg-item-inner\"><a href=\"http:\/\/michelmathes.de\/rallyeteam\/wp-content\/uploads\/2019_rallye_fr\u201enkische_schweiz-17.jpg\" data-attachment-id=\"550\" class=\"fg-thumb\"><span class=\"fg-image-wrap\"><img width=\"350\" height=\"233\" data-src-fg=\"http:\/\/michelmathes.de\/rallyeteam\/wp-content\/uploads\/cache\/2019_rallye_fr\u201enkische_schweiz-17\/1427741108.jpg\" class=\"fg-image\" \/><\/span><\/a><\/figure><div class=\"fg-loader\"><\/div><\/div><div class=\"fg-item\"><figure class=\"fg-item-inner\"><a href=\"http:\/\/michelmathes.de\/rallyeteam\/wp-content\/uploads\/2019_rallye_fr\u201enkische_schweiz-18.jpg\" data-attachment-id=\"551\" class=\"fg-thumb\"><span class=\"fg-image-wrap\"><img width=\"350\" height=\"233\" data-src-fg=\"http:\/\/michelmathes.de\/rallyeteam\/wp-content\/uploads\/cache\/2019_rallye_fr\u201enkische_schweiz-18\/3650320811.jpg\" class=\"fg-image\" \/><\/span><\/a><\/figure><div class=\"fg-loader\"><\/div><\/div><div class=\"fg-item\"><figure class=\"fg-item-inner\"><a href=\"http:\/\/michelmathes.de\/rallyeteam\/wp-content\/uploads\/2019_rallye_fr\u201enkische_schweiz-19.jpg\" data-attachment-id=\"552\" class=\"fg-thumb\"><span class=\"fg-image-wrap\"><img width=\"350\" height=\"233\" data-src-fg=\"http:\/\/michelmathes.de\/rallyeteam\/wp-content\/uploads\/cache\/2019_rallye_fr\u201enkische_schweiz-19\/3955650272.jpg\" class=\"fg-image\" \/><\/span><\/a><\/figure><div class=\"fg-loader\"><\/div><\/div><div class=\"fg-item\"><figure class=\"fg-item-inner\"><a href=\"http:\/\/michelmathes.de\/rallyeteam\/wp-content\/uploads\/2019_rallye_fr\u201enkische_schweiz-20.jpg\" data-attachment-id=\"553\" class=\"fg-thumb\"><span class=\"fg-image-wrap\"><img width=\"350\" height=\"233\" data-src-fg=\"http:\/\/michelmathes.de\/rallyeteam\/wp-content\/uploads\/cache\/2019_rallye_fr\u201enkische_schweiz-20\/2561588157.jpg\" class=\"fg-image\" \/><\/span><\/a><\/figure><div class=\"fg-loader\"><\/div><\/div><div class=\"fg-item\"><figure class=\"fg-item-inner\"><a href=\"http:\/\/michelmathes.de\/rallyeteam\/wp-content\/uploads\/2019_rallye_fraenkische-schweiz21.jpg\" data-attachment-id=\"554\" class=\"fg-thumb\"><span class=\"fg-image-wrap\"><img width=\"350\" height=\"248\" data-src-fg=\"http:\/\/michelmathes.de\/rallyeteam\/wp-content\/uploads\/cache\/2019_rallye_fraenkische-schweiz21\/1254361185.jpg\" class=\"fg-image\" \/><\/span><\/a><\/figure><div class=\"fg-loader\"><\/div><\/div><div class=\"fg-item\"><figure class=\"fg-item-inner\"><a href=\"http:\/\/michelmathes.de\/rallyeteam\/wp-content\/uploads\/2019_rallye_fraenkische-schweiz22.jpg\" data-attachment-id=\"555\" class=\"fg-thumb\"><span class=\"fg-image-wrap\"><img width=\"350\" height=\"248\" data-src-fg=\"http:\/\/michelmathes.de\/rallyeteam\/wp-content\/uploads\/cache\/2019_rallye_fraenkische-schweiz22\/4163789679.jpg\" class=\"fg-image\" \/><\/span><\/a><\/figure><div class=\"fg-loader\"><\/div><\/div><\/div>\t\t<\/div>\n\t\t\t\t<\/div>\n\t\t\t\t\t\t<\/div>\n\t\t\t<\/div>\n\t\t<\/div>\n\t\t\t\t\t\t<\/div>\n\t\t\t<\/div>\n\t\t<\/section>\n\t\t\t\t<section class=\"elementor-element elementor-element-60d0074b elementor-section-stretched elementor-section-boxed elementor-section-height-default elementor-section-height-default elementor-section elementor-top-section\" data-id=\"60d0074b\" data-element_type=\"section\" data-settings=\"{&quot;stretch_section&quot;:&quot;section-stretched&quot;,&quot;background_background&quot;:&quot;classic&quot;}\">\n\t\t\t\t\t\t<div class=\"elementor-container elementor-column-gap-default\">\n\t\t\t\t<div class=\"elementor-row\">\n\t\t\t\t<div class=\"elementor-element elementor-element-364f6a06 elementor-column elementor-col-100 elementor-top-column\" data-id=\"364f6a06\" data-element_type=\"column\">\n\t\t\t<div class=\"elementor-column-wrap  elementor-element-populated\">\n\t\t\t\t\t<div class=\"elementor-widget-wrap\">\n\t\t\t\t<section class=\"elementor-element elementor-element-26236855 elementor-section-boxed elementor-section-height-default elementor-section-height-default elementor-section elementor-inner-section\" data-id=\"26236855\" data-element_type=\"section\">\n\t\t\t\t\t\t<div class=\"elementor-container elementor-column-gap-default\">\n\t\t\t\t<div class=\"elementor-row\">\n\t\t\t\t<div class=\"elementor-element elementor-element-4d150213 elementor-column elementor-col-33 elementor-inner-column\" data-id=\"4d150213\" data-element_type=\"column\">\n\t\t\t<div class=\"elementor-column-wrap  elementor-element-populated\">\n\t\t\t\t\t<div class=\"elementor-widget-wrap\">\n\t\t\t\t<div class=\"elementor-element elementor-element-692a7a3f elementor-widget elementor-widget-heading\" data-id=\"692a7a3f\" data-element_type=\"widget\" data-widget_type=\"heading.default\">\n\t\t\t\t<div class=\"elementor-widget-container\">\n\t\t\t<h2 class=\"elementor-heading-title elementor-size-default\">WIR SIND MM17<\/h2>\t\t<\/div>\n\t\t\t\t<\/div>\n\t\t\t\t<div class=\"elementor-element elementor-element-5ba8fdce elementor-widget elementor-widget-divider\" data-id=\"5ba8fdce\" data-element_type=\"widget\" data-widget_type=\"divider.default\">\n\t\t\t\t<div class=\"elementor-widget-container\">\n\t\t\t\t\t<div class=\"elementor-divider\">\n\t\t\t<span class=\"elementor-divider-separator\">\n\t\t\t\t\t\t<\/span>\n\t\t<\/div>\n\t\t\t\t<\/div>\n\t\t\t\t<\/div>\n\t\t\t\t<div class=\"elementor-element elementor-element-3e825a46 elementor-widget elementor-widget-image\" data-id=\"3e825a46\" data-element_type=\"widget\" data-widget_type=\"image.default\">\n\t\t\t\t<div class=\"elementor-widget-container\">\n\t\t\t\t\t<div class=\"elementor-image\">\n\t\t\t\t\t\t\t\t\t\t<img width=\"300\" height=\"75\" src=\"http:\/\/michelmathes.de\/rallyeteam\/wp-content\/uploads\/2020\/04\/logo_mm17-rot-300x75.png\" class=\"attachment-medium size-medium\" alt=\"\" loading=\"lazy\" srcset=\"http:\/\/michelmathes.de\/rallyeteam\/wp-content\/uploads\/2020\/04\/logo_mm17-rot-300x75.png 300w, http:\/\/michelmathes.de\/rallyeteam\/wp-content\/uploads\/2020\/04\/logo_mm17-rot-1024x258.png 1024w, http:\/\/michelmathes.de\/rallyeteam\/wp-content\/uploads\/2020\/04\/logo_mm17-rot-768x193.png 768w, http:\/\/michelmathes.de\/rallyeteam\/wp-content\/uploads\/2020\/04\/logo_mm17-rot-1200x302.png 1200w, http:\/\/michelmathes.de\/rallyeteam\/wp-content\/uploads\/2020\/04\/logo_mm17-rot.png 1220w\" sizes=\"(max-width: 300px) 100vw, 300px\" \/>\t\t\t\t\t\t\t\t\t\t\t<\/div>\n\t\t\t\t<\/div>\n\t\t\t\t<\/div>\n\t\t\t\t\t\t<\/div>\n\t\t\t<\/div>\n\t\t<\/div>\n\t\t\t\t<div class=\"elementor-element elementor-element-2754940f elementor-column elementor-col-33 elementor-inner-column\" data-id=\"2754940f\" data-element_type=\"column\">\n\t\t\t<div class=\"elementor-column-wrap  elementor-element-populated\">\n\t\t\t\t\t<div class=\"elementor-widget-wrap\">\n\t\t\t\t<div class=\"elementor-element elementor-element-762c944e elementor-widget elementor-widget-heading\" data-id=\"762c944e\" data-element_type=\"widget\" data-widget_type=\"heading.default\">\n\t\t\t\t<div class=\"elementor-widget-container\">\n\t\t\t<h2 class=\"elementor-heading-title elementor-size-default\">QUICKLINKS<\/h2>\t\t<\/div>\n\t\t\t\t<\/div>\n\t\t\t\t<div class=\"elementor-element elementor-element-738f7551 elementor-widget elementor-widget-divider\" data-id=\"738f7551\" data-element_type=\"widget\" data-widget_type=\"divider.default\">\n\t\t\t\t<div class=\"elementor-widget-container\">\n\t\t\t\t\t<div class=\"elementor-divider\">\n\t\t\t<span class=\"elementor-divider-separator\">\n\t\t\t\t\t\t<\/span>\n\t\t<\/div>\n\t\t\t\t<\/div>\n\t\t\t\t<\/div>\n\t\t\t\t<div class=\"elementor-element elementor-element-2d120744 elementor-widget elementor-widget-text-editor\" data-id=\"2d120744\" data-element_type=\"widget\" data-widget_type=\"text-editor.default\">\n\t\t\t\t<div class=\"elementor-widget-container\">\n\t\t\t\t\t<div class=\"elementor-text-editor elementor-clearfix\"><p><span style=\"color: #000000;\"><a style=\"color: #000000;\" href=\"\/rallyeteam\/team\">Team<\/a><\/span><\/p><p><span style=\"color: #000000;\"><a style=\"color: #000000;\" href=\"\/rallyeteam\/auto\">Auto<\/a><\/span><\/p><p><span style=\"color: #000000;\"><a style=\"color: #000000;\" href=\"\/rallyeteam\/saison\">Saison<\/a><\/span><\/p><p><span style=\"color: #000000;\"><a style=\"color: #000000;\" href=\"\/rallyeteam\/partner\">Partner<\/a><\/span><\/p><p><span style=\"color: #000000;\"><a style=\"color: #000000;\" href=\"\/rallyeteam\/kontakt\">Kontakt<\/a><\/span><\/p><\/div>\n\t\t\t\t<\/div>\n\t\t\t\t<\/div>\n\t\t\t\t\t\t<\/div>\n\t\t\t<\/div>\n\t\t<\/div>\n\t\t\t\t<div class=\"elementor-element elementor-element-225111c3 elementor-column elementor-col-33 elementor-inner-column\" data-id=\"225111c3\" data-element_type=\"column\">\n\t\t\t<div class=\"elementor-column-wrap  elementor-element-populated\">\n\t\t\t\t\t<div class=\"elementor-widget-wrap\">\n\t\t\t\t<div class=\"elementor-element elementor-element-21abb338 elementor-widget elementor-widget-heading\" data-id=\"21abb338\" data-element_type=\"widget\" data-widget_type=\"heading.default\">\n\t\t\t\t<div class=\"elementor-widget-container\">\n\t\t\t<h2 class=\"elementor-heading-title elementor-size-default\">FOLGE UNS HIER<\/h2>\t\t<\/div>\n\t\t\t\t<\/div>\n\t\t\t\t<div class=\"elementor-element elementor-element-238d9041 elementor-widget elementor-widget-divider\" data-id=\"238d9041\" data-element_type=\"widget\" data-widget_type=\"divider.default\">\n\t\t\t\t<div class=\"elementor-widget-container\">\n\t\t\t\t\t<div class=\"elementor-divider\">\n\t\t\t<span class=\"elementor-divider-separator\">\n\t\t\t\t\t\t<\/span>\n\t\t<\/div>\n\t\t\t\t<\/div>\n\t\t\t\t<\/div>\n\t\t\t\t<div class=\"elementor-element elementor-element-30690554 elementor-widget elementor-widget-text-editor\" data-id=\"30690554\" data-element_type=\"widget\" data-widget_type=\"text-editor.default\">\n\t\t\t\t<div class=\"elementor-widget-container\">\n\t\t\t\t\t<div class=\"elementor-text-editor elementor-clearfix\"><p><a href=\"https:\/\/www.facebook.com\/MM17.de\/\" target=\"_blank\" rel=\"noopener\"><img class=\"alignleft wp-image-182\" role=\"img\" src=\"http:\/\/michelmathes.de\/rallyeteam\/wp-content\/uploads\/2020\/04\/facebook.svg\" alt=\"\" width=\"75\" srcset=\"http:\/\/michelmathes.de\/rallyeteam\/wp-content\/uploads\/\/2020\/04\/facebook.svg 150w, http:\/\/michelmathes.de\/rallyeteam\/wp-content\/uploads\/\/2020\/04\/facebook.svg 300w, http:\/\/michelmathes.de\/rallyeteam\/wp-content\/uploads\/\/2020\/04\/facebook.svg 1024w, http:\/\/michelmathes.de\/rallyeteam\/wp-content\/uploads\/\/2020\/04\/facebook.svg 1536w, http:\/\/michelmathes.de\/rallyeteam\/wp-content\/uploads\/\/2020\/04\/facebook.svg 2048w, http:\/\/michelmathes.de\/rallyeteam\/wp-content\/uploads\/\/2020\/04\/facebook.svg 188w\" sizes=\"(max-width: 188px) 100vw, 188px\" \/><\/a><a href=\"https:\/\/www.instagram.com\/mm17.de\/\" target=\"_blank\" rel=\"noopener\"><img class=\"alignleft wp-image-183\" role=\"img\" src=\"http:\/\/michelmathes.de\/rallyeteam\/wp-content\/uploads\/2020\/04\/instagram.svg\" alt=\"\" width=\"75\" srcset=\"http:\/\/michelmathes.de\/rallyeteam\/wp-content\/uploads\/\/2020\/04\/instagram.svg 150w, http:\/\/michelmathes.de\/rallyeteam\/wp-content\/uploads\/\/2020\/04\/instagram.svg 300w, http:\/\/michelmathes.de\/rallyeteam\/wp-content\/uploads\/\/2020\/04\/instagram.svg 1024w, http:\/\/michelmathes.de\/rallyeteam\/wp-content\/uploads\/\/2020\/04\/instagram.svg 1536w, http:\/\/michelmathes.de\/rallyeteam\/wp-content\/uploads\/\/2020\/04\/instagram.svg 2048w, http:\/\/michelmathes.de\/rallyeteam\/wp-content\/uploads\/\/2020\/04\/instagram.svg 188w\" sizes=\"(max-width: 188px) 100vw, 188px\" \/><\/a><\/p><\/div>\n\t\t\t\t<\/div>\n\t\t\t\t<\/div>\n\t\t\t\t\t\t<\/div>\n\t\t\t<\/div>\n\t\t<\/div>\n\t\t\t\t\t\t<\/div>\n\t\t\t<\/div>\n\t\t<\/section>\n\t\t\t\t\t\t<\/div>\n\t\t\t<\/div>\n\t\t<\/div>\n\t\t\t\t\t\t<\/div>\n\t\t\t<\/div>\n\t\t<\/section>\n\t\t\t\t<section class=\"elementor-element elementor-element-1cd31ece elementor-section-stretched elementor-section-height-min-height elementor-section-boxed elementor-section-height-default elementor-section-items-middle elementor-section elementor-top-section\" data-id=\"1cd31ece\" data-element_type=\"section\" data-settings=\"{&quot;stretch_section&quot;:&quot;section-stretched&quot;,&quot;background_background&quot;:&quot;classic&quot;}\">\n\t\t\t\t\t\t<div class=\"elementor-container elementor-column-gap-default\">\n\t\t\t\t<div class=\"elementor-row\">\n\t\t\t\t<div class=\"elementor-element elementor-element-16a08be3 elementor-column elementor-col-100 elementor-top-column\" data-id=\"16a08be3\" data-element_type=\"column\">\n\t\t\t<div class=\"elementor-column-wrap  elementor-element-populated\">\n\t\t\t\t\t<div class=\"elementor-widget-wrap\">\n\t\t\t\t<div class=\"elementor-element elementor-element-683dd54f elementor-widget elementor-widget-text-editor\" data-id=\"683dd54f\" data-element_type=\"widget\" data-widget_type=\"text-editor.default\">\n\t\t\t\t<div class=\"elementor-widget-container\">\n\t\t\t\t\t<div class=\"elementor-text-editor elementor-clearfix\"><p><span style=\"color: #ffffff;\"><a style=\"color: #ffffff;\" href=\"\/rallyeteam\/impressum\">Impressum<\/a><\/span> | <span style=\"color: #ffffff;\"><a style=\"color: #ffffff;\" href=\"\/rallyeteam\/datenschutz\">Datenschutz<\/a><\/span><\/p><\/div>\n\t\t\t\t<\/div>\n\t\t\t\t<\/div>\n\t\t\t\t\t\t<\/div>\n\t\t\t<\/div>\n\t\t<\/div>\n\t\t\t\t\t\t<\/div>\n\t\t\t<\/div>\n\t\t<\/section>\n\t\t\t\t\t\t<\/div>\n\t\t\t<\/div>\n\t\t<\/div>\n\t\t","protected":false},"excerpt":{"rendered":"<p>RALLYE FR\u00c4NKISCHE SCHWEIZ2019 Der Bericht zu unserer Rallye f\u00e4llt heute kurz aus: Ein Dreher bei hoher Geschwindigkeit auf WP1 hat uns im Vergleich zum zweiten Durchgang circa 38 Sekunden gekostet, die wir aber den Umst\u00e4nden (schmaler Waldweg) gerne in Kauf nehmen, sind froh nirgendwo angeschlagen zu sein. Danach lief es bis auf einen Verbremser wie [&hellip;]<\/p>\n","protected":false},"author":1,"featured_media":0,"comment_status":"closed","ping_status":"closed","sticky":false,"template":"","format":"standard","meta":{"_monsterinsights_skip_tracking":false,"_monsterinsights_sitenote_active":false,"_monsterinsights_sitenote_note":"","_monsterinsights_sitenote_category":0},"categories":[1],"tags":[],"_links":{"self":[{"href":"http:\/\/michelmathes.de\/rallyeteam\/wp-json\/wp\/v2\/posts\/382"}],"collection":[{"href":"http:\/\/michelmathes.de\/rallyeteam\/wp-json\/wp\/v2\/posts"}],"about":[{"href":"http:\/\/michelmathes.de\/rallyeteam\/wp-json\/wp\/v2\/types\/post"}],"author":[{"embeddable":true,"href":"http:\/\/michelmathes.de\/rallyeteam\/wp-json\/wp\/v2\/users\/1"}],"replies":[{"embeddable":true,"href":"http:\/\/michelmathes.de\/rallyeteam\/wp-json\/wp\/v2\/comments?post=382"}],"version-history":[{"count":12,"href":"http:\/\/michelmathes.de\/rallyeteam\/wp-json\/wp\/v2\/posts\/382\/revisions"}],"predecessor-version":[{"id":788,"href":"http:\/\/michelmathes.de\/rallyeteam\/wp-json\/wp\/v2\/posts\/382\/revisions\/788"}],"wp:attachment":[{"href":"http:\/\/michelmathes.de\/rallyeteam\/wp-json\/wp\/v2\/media?parent=382"}],"wp:term":[{"taxonomy":"category","embeddable":true,"href":"http:\/\/michelmathes.de\/rallyeteam\/wp-json\/wp\/v2\/categories?post=382"},{"taxonomy":"post_tag","embeddable":true,"href":"http:\/\/michelmathes.de\/rallyeteam\/wp-json\/wp\/v2\/tags?post=382"}],"curies":[{"name":"wp","href":"https:\/\/api.w.org\/{rel}","templated":true}]}}