{"id":648,"date":"2020-07-26T20:03:47","date_gmt":"2020-07-26T18:03:47","guid":{"rendered":"http:\/\/michelmathes.de\/rallyeteam\/?p=648"},"modified":"2020-08-31T00:20:17","modified_gmt":"2020-08-30T22:20:17","slug":"junior-rallye-baden-wuerttemberg-2019","status":"publish","type":"post","link":"http:\/\/michelmathes.de\/rallyeteam\/junior-rallye-baden-wuerttemberg-2019\/","title":{"rendered":"Junior Rallye Baden-W\u00fcrttemberg 2019"},"content":{"rendered":"\t\t<div data-elementor-type=\"wp-post\" data-elementor-id=\"648\" class=\"elementor elementor-648\" data-elementor-settings=\"[]\">\n\t\t\t<div class=\"elementor-inner\">\n\t\t\t\t<div class=\"elementor-section-wrap\">\n\t\t\t\t\t\t\t<section class=\"elementor-element elementor-element-33e1b26 elementor-section-stretched elementor-section-boxed elementor-section-height-default elementor-section-height-default elementor-section elementor-top-section\" data-id=\"33e1b26\" data-element_type=\"section\" data-settings=\"{&quot;stretch_section&quot;:&quot;section-stretched&quot;,&quot;background_background&quot;:&quot;classic&quot;}\">\n\t\t\t\t\t\t<div class=\"elementor-container elementor-column-gap-default\">\n\t\t\t\t<div class=\"elementor-row\">\n\t\t\t\t<div class=\"elementor-element elementor-element-cff62fa elementor-column elementor-col-100 elementor-top-column\" data-id=\"cff62fa\" data-element_type=\"column\">\n\t\t\t<div class=\"elementor-column-wrap  elementor-element-populated\">\n\t\t\t\t\t<div class=\"elementor-widget-wrap\">\n\t\t\t\t<div class=\"elementor-element elementor-element-90020e1 elementor-widget elementor-widget-image\" data-id=\"90020e1\" data-element_type=\"widget\" data-widget_type=\"image.default\">\n\t\t\t\t<div class=\"elementor-widget-container\">\n\t\t\t\t\t<div class=\"elementor-image\">\n\t\t\t\t\t\t\t\t\t\t<img width=\"580\" height=\"327\" src=\"http:\/\/michelmathes.de\/rallyeteam\/wp-content\/uploads\/teaser_baden-wrttmbrg-2019-1024x578.jpg\" class=\"attachment-large size-large\" alt=\"\" loading=\"lazy\" srcset=\"http:\/\/michelmathes.de\/rallyeteam\/wp-content\/uploads\/teaser_baden-wrttmbrg-2019-1024x578.jpg 1024w, http:\/\/michelmathes.de\/rallyeteam\/wp-content\/uploads\/teaser_baden-wrttmbrg-2019-300x169.jpg 300w, http:\/\/michelmathes.de\/rallyeteam\/wp-content\/uploads\/teaser_baden-wrttmbrg-2019-768x433.jpg 768w, http:\/\/michelmathes.de\/rallyeteam\/wp-content\/uploads\/teaser_baden-wrttmbrg-2019.jpg 1200w\" sizes=\"(max-width: 580px) 100vw, 580px\" \/>\t\t\t\t\t\t\t\t\t\t\t<\/div>\n\t\t\t\t<\/div>\n\t\t\t\t<\/div>\n\t\t\t\t\t\t<\/div>\n\t\t\t<\/div>\n\t\t<\/div>\n\t\t\t\t\t\t<\/div>\n\t\t\t<\/div>\n\t\t<\/section>\n\t\t\t\t<section class=\"elementor-element elementor-element-53adbaf elementor-section-stretched elementor-section-boxed elementor-section-height-default elementor-section-height-default elementor-section elementor-top-section\" data-id=\"53adbaf\" data-element_type=\"section\" data-settings=\"{&quot;stretch_section&quot;:&quot;section-stretched&quot;,&quot;background_background&quot;:&quot;classic&quot;}\">\n\t\t\t\t\t\t<div class=\"elementor-container elementor-column-gap-default\">\n\t\t\t\t<div class=\"elementor-row\">\n\t\t\t\t<div class=\"elementor-element elementor-element-e5b3d3a elementor-column elementor-col-50 elementor-top-column\" data-id=\"e5b3d3a\" data-element_type=\"column\">\n\t\t\t<div class=\"elementor-column-wrap  elementor-element-populated\">\n\t\t\t\t\t<div class=\"elementor-widget-wrap\">\n\t\t\t\t<div class=\"elementor-element elementor-element-05e22ad elementor-widget elementor-widget-heading\" data-id=\"05e22ad\" data-element_type=\"widget\" data-widget_type=\"heading.default\">\n\t\t\t\t<div class=\"elementor-widget-container\">\n\t\t\t<h2 class=\"elementor-heading-title elementor-size-default\">ADAC JUNIOR RALLYE<br>BADEN W\u00dcRTTEMBERG <br> 26.10.2019<\/h2>\t\t<\/div>\n\t\t\t\t<\/div>\n\t\t\t\t\t\t<\/div>\n\t\t\t<\/div>\n\t\t<\/div>\n\t\t\t\t<div class=\"elementor-element elementor-element-6531d00 elementor-column elementor-col-50 elementor-top-column\" data-id=\"6531d00\" data-element_type=\"column\">\n\t\t\t<div class=\"elementor-column-wrap  elementor-element-populated\">\n\t\t\t\t\t<div class=\"elementor-widget-wrap\">\n\t\t\t\t<div class=\"elementor-element elementor-element-12152da elementor-widget elementor-widget-text-editor\" data-id=\"12152da\" data-element_type=\"widget\" data-widget_type=\"text-editor.default\">\n\t\t\t\t<div class=\"elementor-widget-container\">\n\t\t\t\t\t<div class=\"elementor-text-editor elementor-clearfix\"><p>Am Ende kackt die Ente!<br \/>Am vergangenen Wochenende wollten Julius und ich uns die letzten Punkte zur Meisterschaft im Golf 2 Cup<br \/>2019 sichern.<\/p><p><br \/>Vorne weg: Ich will nichts dramatisieren, ich m\u00f6chte es nur aus meiner Sicht schildern und denen, die<br \/>interessiert was passiert ist einen ausf\u00fchrlichen Bericht schreiben. Au\u00dferdem m\u00f6chte ich mich f\u00fcr die<br \/>zahlreichen Aufmunterungen in den vergangenen Tage bedanken.<\/p><p><br \/>Die Pr\u00fcfungen gefielen uns beim Aufschrieb erstellen trotz Nebel und vielen Abzweigen sehr gut und die<br \/>Zielsetzung war ja aufgrund des Meisterschaftstandes eh klar: Sicher ins Ziel kommen!<\/p><p><br \/>Wir fuhren die 1. Pr\u00fcfung mit ca. 80% und waren im Ziel zufrieden, hatten uns aber vorgenommen nicht nach<br \/>den Zeiten zu schauen. Am Start von WP2 wurden wir darauf aufmerksam gemacht, dass wir auf WP1 eine<br \/>Klassenbestzeit gefahren sind.<\/p><p><br \/>Also Helm auf und Start WP2. Und wie das so ist, wenn der Helm mal auf ist, dann gibt es nur noch ein Gas.<br \/>Wir fanden zu Beginn der Pr\u00fcfung einen guten Rhythmus und ich f\u00fchlte mich sicher. Leider untersch\u00e4tzte ich<br \/>auf einem geschotterten Waldst\u00fcck eine Kurve und wir mussten den Shortcut durch den Wald nehmen wo<br \/>uns der Fu\u00df einer Barke die Riemenscheibe des Keilriemens so verbogen hat, dass nach ein paar Metern<br \/>erst die Servo ihren Dienst quittierte und das Auto hei\u00df wurde und wir den Golf circa 1KM vor dem Ziel<br \/>abstellen mussten.<\/p><p><br \/>Dieser Moment als ich sah wie das kochende K\u00fchlwasser unter der Haube vordampfte, war f\u00fcr mich der<br \/>schlimmste Moment, den ich bisher in diesem Sport erlebt hatte und ich w\u00e4re am liebsten im Boden<br \/>versunken. Ich habe es mit dieser Dummheit geschafft meinen Beifahrer und alle, die sich das ganze Jahr<br \/>\u00fcber f\u00fcr unser Hobby den Arsch aufreisen um den verdienten Lohn zu bringen. Und auch wenn es &#8222;nur&#8220;<br \/>Hobby ist macht es mich auch heute noch sehr traurig.<\/p><p><br \/>Aber des einen Leid, des anderen Freud: Ich m\u00f6chte Markus und Holger an dieser Stelle zur Meisterschaft<br \/>gratulieren. Die beiden bekommen seit 3 Jahren Rallye f\u00fcr Rallye die Minuten um die Ohren geknallt, aber<br \/>haben nie die Freude an unserem Sport verloren und jetzt in ihrer dritten Saison den verdienten Lohn<br \/>eingefahren und das ist es doch eigentlich, worum es im Leben geht. So gerne wir gewonnen h\u00e4tten, so<br \/>sehr g\u00f6nne ich diesen beiden fairen Sportsm\u00e4nnern und netten Menschen diesen Erfolg!!<\/p><p><br \/>Aber jetzt genug Emotionen. Wir wollen die Saison nicht so zu Ende gehen lassen und werden alles daf\u00fcr<br \/>tun, den Golf bis zur Rallye Hessisches Bergland Mitte November wieder fit zu machen. Diese Rallye ist der<br \/>Endlauf des DMSB Rallye Cup und aufmerksame Leser wissen: Da war doch was \ud83d\ude09<\/p><p><br \/>Vielen Dank an alle Daumendr\u00fccker!<br \/>Ihr seid die Besten!<\/p><p><br \/>Euer Michel<\/p><p>\u00a0<\/p><\/div>\n\t\t\t\t<\/div>\n\t\t\t\t<\/div>\n\t\t\t\t\t\t<\/div>\n\t\t\t<\/div>\n\t\t<\/div>\n\t\t\t\t\t\t<\/div>\n\t\t\t<\/div>\n\t\t<\/section>\n\t\t\t\t<section class=\"elementor-element elementor-element-49aeb83 elementor-section-stretched elementor-section-boxed elementor-section-height-default elementor-section-height-default elementor-section elementor-top-section\" data-id=\"49aeb83\" data-element_type=\"section\" data-settings=\"{&quot;stretch_section&quot;:&quot;section-stretched&quot;,&quot;background_background&quot;:&quot;classic&quot;}\">\n\t\t\t\t\t\t<div class=\"elementor-container elementor-column-gap-default\">\n\t\t\t\t<div class=\"elementor-row\">\n\t\t\t\t<div class=\"elementor-element elementor-element-4c857c9 elementor-column elementor-col-100 elementor-top-column\" data-id=\"4c857c9\" data-element_type=\"column\">\n\t\t\t<div class=\"elementor-column-wrap  elementor-element-populated\">\n\t\t\t\t\t<div class=\"elementor-widget-wrap\">\n\t\t\t\t<div class=\"elementor-element elementor-element-c0a0918 elementor-widget elementor-widget-foogallery\" data-id=\"c0a0918\" data-element_type=\"widget\" data-widget_type=\"foogallery.default\">\n\t\t\t\t<div class=\"elementor-widget-container\">\n\t\t\t<div class=\"foogallery foogallery-container foogallery-masonry foogallery-lightbox-none fg-center fg-masonry fg-light fg-loaded-fade-in fg-hover-zoomed fg-captions-bottom fg-hover-fade fg-transparent-overlays\" id=\"foogallery-gallery-732\" data-foogallery=\"{&quot;item&quot;:{&quot;showCaptionTitle&quot;:true,&quot;showCaptionDescription&quot;:true},&quot;lazy&quot;:true,&quot;src&quot;:&quot;data-src-fg&quot;,&quot;srcset&quot;:&quot;data-srcset-fg&quot;,&quot;template&quot;:{&quot;layout&quot;:&quot;col4&quot;}}\" data-fg-common-fields=\"1\" >\r\n\t<div class=\"fg-item\"><figure class=\"fg-item-inner\"><a href=\"http:\/\/michelmathes.de\/rallyeteam\/wp-content\/uploads\/rallye_baden-wrttmbrg_1-scaled.jpeg\" data-attachment-id=\"733\" class=\"fg-thumb\"><span class=\"fg-image-wrap\"><img width=\"350\" height=\"233\" data-src-fg=\"http:\/\/michelmathes.de\/rallyeteam\/wp-content\/uploads\/cache\/rallye_baden-wrttmbrg_1-scaled\/2710743048.jpeg\" class=\"fg-image\" \/><\/span><\/a><\/figure><div class=\"fg-loader\"><\/div><\/div><div class=\"fg-item\"><figure class=\"fg-item-inner\"><a href=\"http:\/\/michelmathes.de\/rallyeteam\/wp-content\/uploads\/rallye_baden-wrttmbrg_2.jpg\" data-attachment-id=\"734\" class=\"fg-thumb\"><span class=\"fg-image-wrap\"><img width=\"350\" height=\"234\" data-src-fg=\"http:\/\/michelmathes.de\/rallyeteam\/wp-content\/uploads\/cache\/rallye_baden-wrttmbrg_2\/3424639086.jpg\" class=\"fg-image\" \/><\/span><\/a><\/figure><div class=\"fg-loader\"><\/div><\/div><div class=\"fg-item\"><figure class=\"fg-item-inner\"><a href=\"http:\/\/michelmathes.de\/rallyeteam\/wp-content\/uploads\/rallye_baden-wrttmbrg_3-scaled.jpeg\" data-attachment-id=\"735\" class=\"fg-thumb\"><span class=\"fg-image-wrap\"><img width=\"350\" height=\"233\" data-src-fg=\"http:\/\/michelmathes.de\/rallyeteam\/wp-content\/uploads\/cache\/rallye_baden-wrttmbrg_3-scaled\/3032540981.jpeg\" class=\"fg-image\" \/><\/span><\/a><\/figure><div class=\"fg-loader\"><\/div><\/div><\/div>\t\t<\/div>\n\t\t\t\t<\/div>\n\t\t\t\t\t\t<\/div>\n\t\t\t<\/div>\n\t\t<\/div>\n\t\t\t\t\t\t<\/div>\n\t\t\t<\/div>\n\t\t<\/section>\n\t\t\t\t<section class=\"elementor-element elementor-element-62d493bf elementor-section-stretched elementor-section-boxed elementor-section-height-default elementor-section-height-default elementor-section elementor-top-section\" data-id=\"62d493bf\" data-element_type=\"section\" data-settings=\"{&quot;stretch_section&quot;:&quot;section-stretched&quot;,&quot;background_background&quot;:&quot;classic&quot;}\">\n\t\t\t\t\t\t<div class=\"elementor-container elementor-column-gap-default\">\n\t\t\t\t<div class=\"elementor-row\">\n\t\t\t\t<div class=\"elementor-element elementor-element-35e138eb elementor-column elementor-col-100 elementor-top-column\" data-id=\"35e138eb\" data-element_type=\"column\">\n\t\t\t<div class=\"elementor-column-wrap  elementor-element-populated\">\n\t\t\t\t\t<div class=\"elementor-widget-wrap\">\n\t\t\t\t<section class=\"elementor-element elementor-element-2523be7b elementor-section-boxed elementor-section-height-default elementor-section-height-default elementor-section elementor-inner-section\" data-id=\"2523be7b\" data-element_type=\"section\">\n\t\t\t\t\t\t<div class=\"elementor-container elementor-column-gap-default\">\n\t\t\t\t<div class=\"elementor-row\">\n\t\t\t\t<div class=\"elementor-element elementor-element-3a0f2974 elementor-column elementor-col-33 elementor-inner-column\" data-id=\"3a0f2974\" data-element_type=\"column\">\n\t\t\t<div class=\"elementor-column-wrap  elementor-element-populated\">\n\t\t\t\t\t<div class=\"elementor-widget-wrap\">\n\t\t\t\t<div class=\"elementor-element elementor-element-1d9dd1e1 elementor-widget elementor-widget-heading\" data-id=\"1d9dd1e1\" data-element_type=\"widget\" data-widget_type=\"heading.default\">\n\t\t\t\t<div class=\"elementor-widget-container\">\n\t\t\t<h2 class=\"elementor-heading-title elementor-size-default\">WIR SIND MM17<\/h2>\t\t<\/div>\n\t\t\t\t<\/div>\n\t\t\t\t<div class=\"elementor-element elementor-element-1fa782e3 elementor-widget elementor-widget-divider\" data-id=\"1fa782e3\" data-element_type=\"widget\" data-widget_type=\"divider.default\">\n\t\t\t\t<div class=\"elementor-widget-container\">\n\t\t\t\t\t<div class=\"elementor-divider\">\n\t\t\t<span class=\"elementor-divider-separator\">\n\t\t\t\t\t\t<\/span>\n\t\t<\/div>\n\t\t\t\t<\/div>\n\t\t\t\t<\/div>\n\t\t\t\t<div class=\"elementor-element elementor-element-5cdaf690 elementor-widget elementor-widget-image\" data-id=\"5cdaf690\" data-element_type=\"widget\" data-widget_type=\"image.default\">\n\t\t\t\t<div class=\"elementor-widget-container\">\n\t\t\t\t\t<div class=\"elementor-image\">\n\t\t\t\t\t\t\t\t\t\t<img width=\"300\" height=\"75\" src=\"http:\/\/michelmathes.de\/rallyeteam\/wp-content\/uploads\/2020\/04\/logo_mm17-rot-300x75.png\" class=\"attachment-medium size-medium\" alt=\"\" loading=\"lazy\" srcset=\"http:\/\/michelmathes.de\/rallyeteam\/wp-content\/uploads\/2020\/04\/logo_mm17-rot-300x75.png 300w, http:\/\/michelmathes.de\/rallyeteam\/wp-content\/uploads\/2020\/04\/logo_mm17-rot-1024x258.png 1024w, http:\/\/michelmathes.de\/rallyeteam\/wp-content\/uploads\/2020\/04\/logo_mm17-rot-768x193.png 768w, http:\/\/michelmathes.de\/rallyeteam\/wp-content\/uploads\/2020\/04\/logo_mm17-rot-1200x302.png 1200w, http:\/\/michelmathes.de\/rallyeteam\/wp-content\/uploads\/2020\/04\/logo_mm17-rot.png 1220w\" sizes=\"(max-width: 300px) 100vw, 300px\" \/>\t\t\t\t\t\t\t\t\t\t\t<\/div>\n\t\t\t\t<\/div>\n\t\t\t\t<\/div>\n\t\t\t\t\t\t<\/div>\n\t\t\t<\/div>\n\t\t<\/div>\n\t\t\t\t<div class=\"elementor-element elementor-element-540c61f3 elementor-column elementor-col-33 elementor-inner-column\" data-id=\"540c61f3\" data-element_type=\"column\">\n\t\t\t<div class=\"elementor-column-wrap  elementor-element-populated\">\n\t\t\t\t\t<div class=\"elementor-widget-wrap\">\n\t\t\t\t<div class=\"elementor-element elementor-element-5930adb9 elementor-widget elementor-widget-heading\" data-id=\"5930adb9\" data-element_type=\"widget\" data-widget_type=\"heading.default\">\n\t\t\t\t<div class=\"elementor-widget-container\">\n\t\t\t<h2 class=\"elementor-heading-title elementor-size-default\">QUICKLINKS<\/h2>\t\t<\/div>\n\t\t\t\t<\/div>\n\t\t\t\t<div class=\"elementor-element elementor-element-399939d0 elementor-widget elementor-widget-divider\" data-id=\"399939d0\" data-element_type=\"widget\" data-widget_type=\"divider.default\">\n\t\t\t\t<div class=\"elementor-widget-container\">\n\t\t\t\t\t<div class=\"elementor-divider\">\n\t\t\t<span class=\"elementor-divider-separator\">\n\t\t\t\t\t\t<\/span>\n\t\t<\/div>\n\t\t\t\t<\/div>\n\t\t\t\t<\/div>\n\t\t\t\t<div class=\"elementor-element elementor-element-7f8dc76e elementor-widget elementor-widget-text-editor\" data-id=\"7f8dc76e\" data-element_type=\"widget\" data-widget_type=\"text-editor.default\">\n\t\t\t\t<div class=\"elementor-widget-container\">\n\t\t\t\t\t<div class=\"elementor-text-editor elementor-clearfix\"><p><span style=\"color: #000000;\"><a style=\"color: #000000;\" href=\"\/rallyeteam\/team\">Team<\/a><\/span><\/p><p><span style=\"color: #000000;\"><a style=\"color: #000000;\" href=\"\/rallyeteam\/auto\">Auto<\/a><\/span><\/p><p><span style=\"color: #000000;\"><a style=\"color: #000000;\" href=\"\/rallyeteam\/saison\">Saison<\/a><\/span><\/p><p><span style=\"color: #000000;\"><a style=\"color: #000000;\" href=\"\/rallyeteam\/partner\">Partner<\/a><\/span><\/p><p><span style=\"color: #000000;\"><a style=\"color: #000000;\" href=\"\/rallyeteam\/kontakt\">Kontakt<\/a><\/span><\/p><\/div>\n\t\t\t\t<\/div>\n\t\t\t\t<\/div>\n\t\t\t\t\t\t<\/div>\n\t\t\t<\/div>\n\t\t<\/div>\n\t\t\t\t<div class=\"elementor-element elementor-element-5fc826d elementor-column elementor-col-33 elementor-inner-column\" data-id=\"5fc826d\" data-element_type=\"column\">\n\t\t\t<div class=\"elementor-column-wrap  elementor-element-populated\">\n\t\t\t\t\t<div class=\"elementor-widget-wrap\">\n\t\t\t\t<div class=\"elementor-element elementor-element-60af44dc elementor-widget elementor-widget-heading\" data-id=\"60af44dc\" data-element_type=\"widget\" data-widget_type=\"heading.default\">\n\t\t\t\t<div class=\"elementor-widget-container\">\n\t\t\t<h2 class=\"elementor-heading-title elementor-size-default\">FOLGE UNS HIER<\/h2>\t\t<\/div>\n\t\t\t\t<\/div>\n\t\t\t\t<div class=\"elementor-element elementor-element-5d75c538 elementor-widget elementor-widget-divider\" data-id=\"5d75c538\" data-element_type=\"widget\" data-widget_type=\"divider.default\">\n\t\t\t\t<div class=\"elementor-widget-container\">\n\t\t\t\t\t<div class=\"elementor-divider\">\n\t\t\t<span class=\"elementor-divider-separator\">\n\t\t\t\t\t\t<\/span>\n\t\t<\/div>\n\t\t\t\t<\/div>\n\t\t\t\t<\/div>\n\t\t\t\t<div class=\"elementor-element elementor-element-38f45136 elementor-widget elementor-widget-text-editor\" data-id=\"38f45136\" data-element_type=\"widget\" data-widget_type=\"text-editor.default\">\n\t\t\t\t<div class=\"elementor-widget-container\">\n\t\t\t\t\t<div class=\"elementor-text-editor elementor-clearfix\"><p><a href=\"https:\/\/www.facebook.com\/MM17.de\/\" target=\"_blank\" rel=\"noopener\"><img class=\"alignleft wp-image-182\" role=\"img\" src=\"http:\/\/michelmathes.de\/rallyeteam\/wp-content\/uploads\/2020\/04\/facebook.svg\" alt=\"\" width=\"75\" srcset=\"http:\/\/michelmathes.de\/rallyeteam\/wp-content\/uploads\/\/2020\/04\/facebook.svg 150w, http:\/\/michelmathes.de\/rallyeteam\/wp-content\/uploads\/\/2020\/04\/facebook.svg 300w, http:\/\/michelmathes.de\/rallyeteam\/wp-content\/uploads\/\/2020\/04\/facebook.svg 1024w, http:\/\/michelmathes.de\/rallyeteam\/wp-content\/uploads\/\/2020\/04\/facebook.svg 1536w, http:\/\/michelmathes.de\/rallyeteam\/wp-content\/uploads\/\/2020\/04\/facebook.svg 2048w, http:\/\/michelmathes.de\/rallyeteam\/wp-content\/uploads\/\/2020\/04\/facebook.svg 188w\" sizes=\"(max-width: 188px) 100vw, 188px\" \/><\/a><a href=\"https:\/\/www.instagram.com\/mm17.de\/\" target=\"_blank\" rel=\"noopener\"><img class=\"alignleft wp-image-183\" role=\"img\" src=\"http:\/\/michelmathes.de\/rallyeteam\/wp-content\/uploads\/2020\/04\/instagram.svg\" alt=\"\" width=\"75\" srcset=\"http:\/\/michelmathes.de\/rallyeteam\/wp-content\/uploads\/\/2020\/04\/instagram.svg 150w, http:\/\/michelmathes.de\/rallyeteam\/wp-content\/uploads\/\/2020\/04\/instagram.svg 300w, http:\/\/michelmathes.de\/rallyeteam\/wp-content\/uploads\/\/2020\/04\/instagram.svg 1024w, http:\/\/michelmathes.de\/rallyeteam\/wp-content\/uploads\/\/2020\/04\/instagram.svg 1536w, http:\/\/michelmathes.de\/rallyeteam\/wp-content\/uploads\/\/2020\/04\/instagram.svg 2048w, http:\/\/michelmathes.de\/rallyeteam\/wp-content\/uploads\/\/2020\/04\/instagram.svg 188w\" sizes=\"(max-width: 188px) 100vw, 188px\" \/><\/a><\/p><\/div>\n\t\t\t\t<\/div>\n\t\t\t\t<\/div>\n\t\t\t\t\t\t<\/div>\n\t\t\t<\/div>\n\t\t<\/div>\n\t\t\t\t\t\t<\/div>\n\t\t\t<\/div>\n\t\t<\/section>\n\t\t\t\t\t\t<\/div>\n\t\t\t<\/div>\n\t\t<\/div>\n\t\t\t\t\t\t<\/div>\n\t\t\t<\/div>\n\t\t<\/section>\n\t\t\t\t<section class=\"elementor-element elementor-element-1ac19abb elementor-section-stretched elementor-section-height-min-height elementor-section-boxed elementor-section-height-default elementor-section-items-middle elementor-section elementor-top-section\" data-id=\"1ac19abb\" data-element_type=\"section\" data-settings=\"{&quot;stretch_section&quot;:&quot;section-stretched&quot;,&quot;background_background&quot;:&quot;classic&quot;}\">\n\t\t\t\t\t\t<div class=\"elementor-container elementor-column-gap-default\">\n\t\t\t\t<div class=\"elementor-row\">\n\t\t\t\t<div class=\"elementor-element elementor-element-5d726aee elementor-column elementor-col-100 elementor-top-column\" data-id=\"5d726aee\" data-element_type=\"column\">\n\t\t\t<div class=\"elementor-column-wrap  elementor-element-populated\">\n\t\t\t\t\t<div class=\"elementor-widget-wrap\">\n\t\t\t\t<div class=\"elementor-element elementor-element-623aa8fc elementor-widget elementor-widget-text-editor\" data-id=\"623aa8fc\" data-element_type=\"widget\" data-widget_type=\"text-editor.default\">\n\t\t\t\t<div class=\"elementor-widget-container\">\n\t\t\t\t\t<div class=\"elementor-text-editor elementor-clearfix\"><p><span style=\"color: #ffffff;\"><a style=\"color: #ffffff;\" href=\"\/rallyeteam\/impressum\">Impressum<\/a><\/span> | <span style=\"color: #ffffff;\"><a style=\"color: #ffffff;\" href=\"\/rallyeteam\/datenschutz\">Datenschutz<\/a><\/span><\/p><\/div>\n\t\t\t\t<\/div>\n\t\t\t\t<\/div>\n\t\t\t\t\t\t<\/div>\n\t\t\t<\/div>\n\t\t<\/div>\n\t\t\t\t\t\t<\/div>\n\t\t\t<\/div>\n\t\t<\/section>\n\t\t\t\t\t\t<\/div>\n\t\t\t<\/div>\n\t\t<\/div>\n\t\t","protected":false},"excerpt":{"rendered":"<p>ADAC JUNIOR RALLYEBADEN W\u00dcRTTEMBERG 26.10.2019 Am Ende kackt die Ente!Am vergangenen Wochenende wollten Julius und ich uns die letzten Punkte zur Meisterschaft im Golf 2 Cup2019 sichern. Vorne weg: Ich will nichts dramatisieren, ich m\u00f6chte es nur aus meiner Sicht schildern und denen, dieinteressiert was passiert ist einen ausf\u00fchrlichen Bericht schreiben. Au\u00dferdem m\u00f6chte ich mich [&hellip;]<\/p>\n","protected":false},"author":1,"featured_media":0,"comment_status":"closed","ping_status":"closed","sticky":false,"template":"","format":"standard","meta":{"_monsterinsights_skip_tracking":false,"_monsterinsights_sitenote_active":false,"_monsterinsights_sitenote_note":"","_monsterinsights_sitenote_category":0},"categories":[1],"tags":[],"_links":{"self":[{"href":"http:\/\/michelmathes.de\/rallyeteam\/wp-json\/wp\/v2\/posts\/648"}],"collection":[{"href":"http:\/\/michelmathes.de\/rallyeteam\/wp-json\/wp\/v2\/posts"}],"about":[{"href":"http:\/\/michelmathes.de\/rallyeteam\/wp-json\/wp\/v2\/types\/post"}],"author":[{"embeddable":true,"href":"http:\/\/michelmathes.de\/rallyeteam\/wp-json\/wp\/v2\/users\/1"}],"replies":[{"embeddable":true,"href":"http:\/\/michelmathes.de\/rallyeteam\/wp-json\/wp\/v2\/comments?post=648"}],"version-history":[{"count":10,"href":"http:\/\/michelmathes.de\/rallyeteam\/wp-json\/wp\/v2\/posts\/648\/revisions"}],"predecessor-version":[{"id":794,"href":"http:\/\/michelmathes.de\/rallyeteam\/wp-json\/wp\/v2\/posts\/648\/revisions\/794"}],"wp:attachment":[{"href":"http:\/\/michelmathes.de\/rallyeteam\/wp-json\/wp\/v2\/media?parent=648"}],"wp:term":[{"taxonomy":"category","embeddable":true,"href":"http:\/\/michelmathes.de\/rallyeteam\/wp-json\/wp\/v2\/categories?post=648"},{"taxonomy":"post_tag","embeddable":true,"href":"http:\/\/michelmathes.de\/rallyeteam\/wp-json\/wp\/v2\/tags?post=648"}],"curies":[{"name":"wp","href":"https:\/\/api.w.org\/{rel}","templated":true}]}}