{"id":655,"date":"2020-07-26T20:13:56","date_gmt":"2020-07-26T18:13:56","guid":{"rendered":"http:\/\/michelmathes.de\/rallyeteam\/?p=655"},"modified":"2020-09-14T21:45:14","modified_gmt":"2020-09-14T19:45:14","slug":"rallye-hessisches-bergland-2019","status":"publish","type":"post","link":"http:\/\/michelmathes.de\/rallyeteam\/rallye-hessisches-bergland-2019\/","title":{"rendered":"Rallye Hessisches Bergland 2019"},"content":{"rendered":"\t\t<div data-elementor-type=\"wp-post\" data-elementor-id=\"655\" class=\"elementor elementor-655\" data-elementor-settings=\"[]\">\n\t\t\t<div class=\"elementor-inner\">\n\t\t\t\t<div class=\"elementor-section-wrap\">\n\t\t\t\t\t\t\t<section class=\"elementor-element elementor-element-33e1b26 elementor-section-stretched elementor-section-boxed elementor-section-height-default elementor-section-height-default elementor-section elementor-top-section\" data-id=\"33e1b26\" data-element_type=\"section\" data-settings=\"{&quot;stretch_section&quot;:&quot;section-stretched&quot;,&quot;background_background&quot;:&quot;classic&quot;}\">\n\t\t\t\t\t\t<div class=\"elementor-container elementor-column-gap-default\">\n\t\t\t\t<div class=\"elementor-row\">\n\t\t\t\t<div class=\"elementor-element elementor-element-cff62fa elementor-column elementor-col-100 elementor-top-column\" data-id=\"cff62fa\" data-element_type=\"column\">\n\t\t\t<div class=\"elementor-column-wrap  elementor-element-populated\">\n\t\t\t\t\t<div class=\"elementor-widget-wrap\">\n\t\t\t\t<div class=\"elementor-element elementor-element-90020e1 elementor-widget elementor-widget-image\" data-id=\"90020e1\" data-element_type=\"widget\" data-widget_type=\"image.default\">\n\t\t\t\t<div class=\"elementor-widget-container\">\n\t\t\t\t\t<div class=\"elementor-image\">\n\t\t\t\t\t\t\t\t\t\t<img width=\"580\" height=\"327\" src=\"http:\/\/michelmathes.de\/rallyeteam\/wp-content\/uploads\/teaser_bergland2019-1024x578.jpg\" class=\"attachment-large size-large\" alt=\"\" loading=\"lazy\" srcset=\"http:\/\/michelmathes.de\/rallyeteam\/wp-content\/uploads\/teaser_bergland2019-1024x578.jpg 1024w, http:\/\/michelmathes.de\/rallyeteam\/wp-content\/uploads\/teaser_bergland2019-300x169.jpg 300w, http:\/\/michelmathes.de\/rallyeteam\/wp-content\/uploads\/teaser_bergland2019-768x433.jpg 768w, http:\/\/michelmathes.de\/rallyeteam\/wp-content\/uploads\/teaser_bergland2019.jpg 1200w\" sizes=\"(max-width: 580px) 100vw, 580px\" \/>\t\t\t\t\t\t\t\t\t\t\t<\/div>\n\t\t\t\t<\/div>\n\t\t\t\t<\/div>\n\t\t\t\t\t\t<\/div>\n\t\t\t<\/div>\n\t\t<\/div>\n\t\t\t\t\t\t<\/div>\n\t\t\t<\/div>\n\t\t<\/section>\n\t\t\t\t<section class=\"elementor-element elementor-element-53adbaf elementor-section-stretched elementor-section-boxed elementor-section-height-default elementor-section-height-default elementor-section elementor-top-section\" data-id=\"53adbaf\" data-element_type=\"section\" data-settings=\"{&quot;stretch_section&quot;:&quot;section-stretched&quot;,&quot;background_background&quot;:&quot;classic&quot;}\">\n\t\t\t\t\t\t<div class=\"elementor-container elementor-column-gap-default\">\n\t\t\t\t<div class=\"elementor-row\">\n\t\t\t\t<div class=\"elementor-element elementor-element-e5b3d3a elementor-column elementor-col-50 elementor-top-column\" data-id=\"e5b3d3a\" data-element_type=\"column\">\n\t\t\t<div class=\"elementor-column-wrap  elementor-element-populated\">\n\t\t\t\t\t<div class=\"elementor-widget-wrap\">\n\t\t\t\t<div class=\"elementor-element elementor-element-05e22ad elementor-widget elementor-widget-heading\" data-id=\"05e22ad\" data-element_type=\"widget\" data-widget_type=\"heading.default\">\n\t\t\t\t<div class=\"elementor-widget-container\">\n\t\t\t<h2 class=\"elementor-heading-title elementor-size-default\">RALLYE HESSISCHES BERGLAND 14. + 15.11.2019 | MELSUNGEN<\/h2>\t\t<\/div>\n\t\t\t\t<\/div>\n\t\t\t\t\t\t<\/div>\n\t\t\t<\/div>\n\t\t<\/div>\n\t\t\t\t<div class=\"elementor-element elementor-element-6531d00 elementor-column elementor-col-50 elementor-top-column\" data-id=\"6531d00\" data-element_type=\"column\">\n\t\t\t<div class=\"elementor-column-wrap  elementor-element-populated\">\n\t\t\t\t\t<div class=\"elementor-widget-wrap\">\n\t\t\t\t<div class=\"elementor-element elementor-element-12152da elementor-widget elementor-widget-text-editor\" data-id=\"12152da\" data-element_type=\"widget\" data-widget_type=\"text-editor.default\">\n\t\t\t\t<div class=\"elementor-widget-container\">\n\t\t\t\t\t<div class=\"elementor-text-editor elementor-clearfix\"><p>Mitte November haben Julius und ich als Saisonabschluss an der Rallye Hessisches Bergland<br \/>teilgenommen. Die Veranstaltung war Endlauf zum DMSB Rallye Cup und ging \u00fcber zwei Tage. Da wir aus<br \/>dieser Meisterschaft ausgeschlossen wurden und eh nur noch ein weiteres Fahrzeug in unserer Klasse<br \/>genannt hatte, ging es f\u00fcr uns einfach darum einen vern\u00fcnftigen Saisonabschluss zu haben und Erfahrung<br \/>zu sammeln.<\/p><p><br \/>Nach Anreise, Besichtigung und Abnahme am Freitag ging es am sp\u00e4ten Nachmittag noch auf vier<br \/>Wertungspr\u00fcfungen. Wir riskierten nicht viel und das Feeling nach unserem Ausritt in Baden-W\u00fcrttemberg<br \/>war noch nicht so gut, aber wir konnten den Golf auf Platz 47 unbesch\u00e4digt in den Parc Ferme stellen.<br \/>Samstagmorgen dann das gro\u00dfe R\u00e4tselraten ob wir mit Semislicks oder nagelneuen Avon Regenreifen auf<br \/>die letzten sechs Pr\u00fcfungen gehen sollen. Wir vermuteten entgegen vieler Teams, dass es aufklart und<br \/>schnell abtrocknet und verlie\u00dfen die Reifenwechselzone deshalb mit unseren relativ harten und<br \/>abgefahrenen Toyos.<\/p><p><br \/>Auf der ersten Pr\u00fcfung am Samstag gingen wir dementsprechend vorsichtig ans Werk und hatten trotzdem<br \/>den ein oder anderen Aha-Moment. Die Kr\u00f6nung folgte aber dann auf WP6 als wir nach einer Kuppe mitten<br \/>hinein ins wei\u00dfe Winter-Wonderland fuhren. Die Strecke war zwar ger\u00e4umt aber f\u00fcr unsere Reifen war es<br \/>einfach zu kalt.<\/p><p><br \/>In der zweiten Schleife am Samstag klarte es dann endlich auf und auch unsere Zeiten waren dann im<br \/>Mittelfeld der Klasse NC8.<\/p><p><br \/>Letztendlich wurden wir 8. von 10 in der Klasse NC8, in der alle Starter auch ins Ziel kamen. Es war<br \/>vermutlich das erste Mal, dass ich mit einem 8. Platz zufrieden war.<\/p><p><br \/>Jetzt ist zwar erstmal Pause, aber die Planungen f\u00fcr n\u00e4chste Saison laufen schon auf Hochtouren.<br \/>Bis bald!<\/p><p><br \/>Euer Michel<\/p><p>\u00a0<\/p><\/div>\n\t\t\t\t<\/div>\n\t\t\t\t<\/div>\n\t\t\t\t\t\t<\/div>\n\t\t\t<\/div>\n\t\t<\/div>\n\t\t\t\t\t\t<\/div>\n\t\t\t<\/div>\n\t\t<\/section>\n\t\t\t\t<section class=\"elementor-element elementor-element-49aeb83 elementor-section-stretched elementor-section-boxed elementor-section-height-default elementor-section-height-default elementor-section elementor-top-section\" data-id=\"49aeb83\" data-element_type=\"section\" data-settings=\"{&quot;stretch_section&quot;:&quot;section-stretched&quot;,&quot;background_background&quot;:&quot;classic&quot;}\">\n\t\t\t\t\t\t<div class=\"elementor-container elementor-column-gap-default\">\n\t\t\t\t<div class=\"elementor-row\">\n\t\t\t\t<div class=\"elementor-element elementor-element-4c857c9 elementor-column elementor-col-100 elementor-top-column\" data-id=\"4c857c9\" data-element_type=\"column\">\n\t\t\t<div class=\"elementor-column-wrap  elementor-element-populated\">\n\t\t\t\t\t<div class=\"elementor-widget-wrap\">\n\t\t\t\t<div class=\"elementor-element elementor-element-c0a0918 elementor-widget elementor-widget-foogallery\" data-id=\"c0a0918\" data-element_type=\"widget\" data-widget_type=\"foogallery.default\">\n\t\t\t\t<div class=\"elementor-widget-container\">\n\t\t\t<div class=\"foogallery foogallery-container foogallery-masonry foogallery-lightbox-none fg-center fg-masonry fg-light fg-loaded-fade-in fg-hover-zoomed fg-captions-bottom fg-hover-fade fg-transparent-overlays\" id=\"foogallery-gallery-490\" data-foogallery=\"{&quot;item&quot;:{&quot;showCaptionTitle&quot;:true,&quot;showCaptionDescription&quot;:true},&quot;lazy&quot;:true,&quot;src&quot;:&quot;data-src-fg&quot;,&quot;srcset&quot;:&quot;data-srcset-fg&quot;,&quot;template&quot;:{&quot;layout&quot;:&quot;col4&quot;}}\" data-fg-common-fields=\"1\" >\r\n\t<div class=\"fg-item\"><figure class=\"fg-item-inner\"><a href=\"http:\/\/michelmathes.de\/rallyeteam\/wp-content\/uploads\/2019_hessisches_bergland-1.jpg\" data-attachment-id=\"491\" class=\"fg-thumb\"><span class=\"fg-image-wrap\"><img width=\"350\" height=\"233\" data-src-fg=\"http:\/\/michelmathes.de\/rallyeteam\/wp-content\/uploads\/cache\/2019_hessisches_bergland-1\/68104193.jpg\" class=\"fg-image\" \/><\/span><\/a><\/figure><div class=\"fg-loader\"><\/div><\/div><div class=\"fg-item\"><figure class=\"fg-item-inner\"><a href=\"http:\/\/michelmathes.de\/rallyeteam\/wp-content\/uploads\/2019_hessisches_bergland-2.jpg\" data-attachment-id=\"492\" class=\"fg-thumb\"><span class=\"fg-image-wrap\"><img width=\"350\" height=\"233\" data-src-fg=\"http:\/\/michelmathes.de\/rallyeteam\/wp-content\/uploads\/cache\/2019_hessisches_bergland-2\/4275720430.jpg\" class=\"fg-image\" \/><\/span><\/a><\/figure><div class=\"fg-loader\"><\/div><\/div><div class=\"fg-item\"><figure class=\"fg-item-inner\"><a href=\"http:\/\/michelmathes.de\/rallyeteam\/wp-content\/uploads\/2019_hessisches_bergland-3.jpg\" data-attachment-id=\"493\" class=\"fg-thumb\"><span class=\"fg-image-wrap\"><img width=\"350\" height=\"234\" data-src-fg=\"http:\/\/michelmathes.de\/rallyeteam\/wp-content\/uploads\/cache\/2019_hessisches_bergland-3\/2828439371.jpg\" class=\"fg-image\" \/><\/span><\/a><\/figure><div class=\"fg-loader\"><\/div><\/div><div class=\"fg-item\"><figure class=\"fg-item-inner\"><a href=\"http:\/\/michelmathes.de\/rallyeteam\/wp-content\/uploads\/2019_hessisches_bergland-4.jpg\" data-attachment-id=\"494\" class=\"fg-thumb\"><span class=\"fg-image-wrap\"><img width=\"350\" height=\"233\" data-src-fg=\"http:\/\/michelmathes.de\/rallyeteam\/wp-content\/uploads\/cache\/2019_hessisches_bergland-4\/3489765233.jpg\" class=\"fg-image\" \/><\/span><\/a><\/figure><div class=\"fg-loader\"><\/div><\/div><div class=\"fg-item\"><figure class=\"fg-item-inner\"><a href=\"http:\/\/michelmathes.de\/rallyeteam\/wp-content\/uploads\/2019_hessisches_bergland-5.jpg\" data-attachment-id=\"495\" class=\"fg-thumb\"><span class=\"fg-image-wrap\"><img width=\"350\" height=\"233\" data-src-fg=\"http:\/\/michelmathes.de\/rallyeteam\/wp-content\/uploads\/cache\/2019_hessisches_bergland-5\/2253211860.jpg\" class=\"fg-image\" \/><\/span><\/a><\/figure><div class=\"fg-loader\"><\/div><\/div><div class=\"fg-item\"><figure class=\"fg-item-inner\"><a href=\"http:\/\/michelmathes.de\/rallyeteam\/wp-content\/uploads\/2019_hessisches_bergland-6.jpg\" data-attachment-id=\"496\" class=\"fg-thumb\"><span class=\"fg-image-wrap\"><img width=\"350\" height=\"233\" data-src-fg=\"http:\/\/michelmathes.de\/rallyeteam\/wp-content\/uploads\/cache\/2019_hessisches_bergland-6\/2090346555.jpg\" class=\"fg-image\" \/><\/span><\/a><\/figure><div class=\"fg-loader\"><\/div><\/div><div class=\"fg-item\"><figure class=\"fg-item-inner\"><a href=\"http:\/\/michelmathes.de\/rallyeteam\/wp-content\/uploads\/2019_hessisches_bergland-7.jpg\" data-attachment-id=\"497\" class=\"fg-thumb\"><span class=\"fg-image-wrap\"><img width=\"350\" height=\"233\" data-src-fg=\"http:\/\/michelmathes.de\/rallyeteam\/wp-content\/uploads\/cache\/2019_hessisches_bergland-7\/718600094.jpg\" class=\"fg-image\" \/><\/span><\/a><\/figure><div class=\"fg-loader\"><\/div><\/div><div class=\"fg-item\"><figure class=\"fg-item-inner\"><a href=\"http:\/\/michelmathes.de\/rallyeteam\/wp-content\/uploads\/2019_hessisches_bergland-8.jpg\" data-attachment-id=\"498\" class=\"fg-thumb\"><span class=\"fg-image-wrap\"><img width=\"350\" height=\"233\" data-src-fg=\"http:\/\/michelmathes.de\/rallyeteam\/wp-content\/uploads\/cache\/2019_hessisches_bergland-8\/2377521231.jpg\" class=\"fg-image\" \/><\/span><\/a><\/figure><div class=\"fg-loader\"><\/div><\/div><div class=\"fg-item\"><figure class=\"fg-item-inner\"><a href=\"http:\/\/michelmathes.de\/rallyeteam\/wp-content\/uploads\/75418211_2811601828850085_2357015749249204224_o.jpg\" data-attachment-id=\"499\" class=\"fg-thumb\"><span class=\"fg-image-wrap\"><img width=\"350\" height=\"233\" data-src-fg=\"http:\/\/michelmathes.de\/rallyeteam\/wp-content\/uploads\/cache\/75418211_2811601828850085_2357015749249204224_o\/551145181.jpg\" class=\"fg-image\" \/><\/span><\/a><\/figure><div class=\"fg-loader\"><\/div><\/div><\/div>\t\t<\/div>\n\t\t\t\t<\/div>\n\t\t\t\t\t\t<\/div>\n\t\t\t<\/div>\n\t\t<\/div>\n\t\t\t\t\t\t<\/div>\n\t\t\t<\/div>\n\t\t<\/section>\n\t\t\t\t<section class=\"elementor-element elementor-element-5417001c elementor-section-stretched elementor-section-boxed elementor-section-height-default elementor-section-height-default elementor-section elementor-top-section\" data-id=\"5417001c\" data-element_type=\"section\" data-settings=\"{&quot;stretch_section&quot;:&quot;section-stretched&quot;,&quot;background_background&quot;:&quot;classic&quot;}\">\n\t\t\t\t\t\t<div class=\"elementor-container elementor-column-gap-default\">\n\t\t\t\t<div class=\"elementor-row\">\n\t\t\t\t<div class=\"elementor-element elementor-element-3100f80c elementor-column elementor-col-100 elementor-top-column\" data-id=\"3100f80c\" data-element_type=\"column\">\n\t\t\t<div class=\"elementor-column-wrap  elementor-element-populated\">\n\t\t\t\t\t<div class=\"elementor-widget-wrap\">\n\t\t\t\t<section class=\"elementor-element elementor-element-29d5bd97 elementor-section-boxed elementor-section-height-default elementor-section-height-default elementor-section elementor-inner-section\" data-id=\"29d5bd97\" data-element_type=\"section\">\n\t\t\t\t\t\t<div class=\"elementor-container elementor-column-gap-default\">\n\t\t\t\t<div class=\"elementor-row\">\n\t\t\t\t<div class=\"elementor-element elementor-element-64d78168 elementor-column elementor-col-33 elementor-inner-column\" data-id=\"64d78168\" data-element_type=\"column\">\n\t\t\t<div class=\"elementor-column-wrap  elementor-element-populated\">\n\t\t\t\t\t<div class=\"elementor-widget-wrap\">\n\t\t\t\t<div class=\"elementor-element elementor-element-76f1b887 elementor-widget elementor-widget-heading\" data-id=\"76f1b887\" data-element_type=\"widget\" data-widget_type=\"heading.default\">\n\t\t\t\t<div class=\"elementor-widget-container\">\n\t\t\t<h2 class=\"elementor-heading-title elementor-size-default\">WIR SIND MM17<\/h2>\t\t<\/div>\n\t\t\t\t<\/div>\n\t\t\t\t<div class=\"elementor-element elementor-element-5bc1e399 elementor-widget elementor-widget-divider\" data-id=\"5bc1e399\" data-element_type=\"widget\" data-widget_type=\"divider.default\">\n\t\t\t\t<div class=\"elementor-widget-container\">\n\t\t\t\t\t<div class=\"elementor-divider\">\n\t\t\t<span class=\"elementor-divider-separator\">\n\t\t\t\t\t\t<\/span>\n\t\t<\/div>\n\t\t\t\t<\/div>\n\t\t\t\t<\/div>\n\t\t\t\t<div class=\"elementor-element elementor-element-1583c66f elementor-widget elementor-widget-image\" data-id=\"1583c66f\" data-element_type=\"widget\" data-widget_type=\"image.default\">\n\t\t\t\t<div class=\"elementor-widget-container\">\n\t\t\t\t\t<div class=\"elementor-image\">\n\t\t\t\t\t\t\t\t\t\t<img width=\"300\" height=\"75\" src=\"http:\/\/michelmathes.de\/rallyeteam\/wp-content\/uploads\/2020\/04\/logo_mm17-rot-300x75.png\" class=\"attachment-medium size-medium\" alt=\"\" loading=\"lazy\" srcset=\"http:\/\/michelmathes.de\/rallyeteam\/wp-content\/uploads\/2020\/04\/logo_mm17-rot-300x75.png 300w, http:\/\/michelmathes.de\/rallyeteam\/wp-content\/uploads\/2020\/04\/logo_mm17-rot-1024x258.png 1024w, http:\/\/michelmathes.de\/rallyeteam\/wp-content\/uploads\/2020\/04\/logo_mm17-rot-768x193.png 768w, http:\/\/michelmathes.de\/rallyeteam\/wp-content\/uploads\/2020\/04\/logo_mm17-rot-1200x302.png 1200w, http:\/\/michelmathes.de\/rallyeteam\/wp-content\/uploads\/2020\/04\/logo_mm17-rot.png 1220w\" sizes=\"(max-width: 300px) 100vw, 300px\" \/>\t\t\t\t\t\t\t\t\t\t\t<\/div>\n\t\t\t\t<\/div>\n\t\t\t\t<\/div>\n\t\t\t\t\t\t<\/div>\n\t\t\t<\/div>\n\t\t<\/div>\n\t\t\t\t<div class=\"elementor-element elementor-element-7ea96b37 elementor-column elementor-col-33 elementor-inner-column\" data-id=\"7ea96b37\" data-element_type=\"column\">\n\t\t\t<div class=\"elementor-column-wrap  elementor-element-populated\">\n\t\t\t\t\t<div class=\"elementor-widget-wrap\">\n\t\t\t\t<div class=\"elementor-element elementor-element-3d48594c elementor-widget elementor-widget-heading\" data-id=\"3d48594c\" data-element_type=\"widget\" data-widget_type=\"heading.default\">\n\t\t\t\t<div class=\"elementor-widget-container\">\n\t\t\t<h2 class=\"elementor-heading-title elementor-size-default\">QUICKLINKS<\/h2>\t\t<\/div>\n\t\t\t\t<\/div>\n\t\t\t\t<div class=\"elementor-element elementor-element-2dee6d34 elementor-widget elementor-widget-divider\" data-id=\"2dee6d34\" data-element_type=\"widget\" data-widget_type=\"divider.default\">\n\t\t\t\t<div class=\"elementor-widget-container\">\n\t\t\t\t\t<div class=\"elementor-divider\">\n\t\t\t<span class=\"elementor-divider-separator\">\n\t\t\t\t\t\t<\/span>\n\t\t<\/div>\n\t\t\t\t<\/div>\n\t\t\t\t<\/div>\n\t\t\t\t<div class=\"elementor-element elementor-element-4e7b2612 elementor-widget elementor-widget-text-editor\" data-id=\"4e7b2612\" data-element_type=\"widget\" data-widget_type=\"text-editor.default\">\n\t\t\t\t<div class=\"elementor-widget-container\">\n\t\t\t\t\t<div class=\"elementor-text-editor elementor-clearfix\"><p><span style=\"color: #000000;\"><a style=\"color: #000000;\" href=\"\/rallyeteam\/team\">Team<\/a><\/span><\/p><p><span style=\"color: #000000;\"><a style=\"color: #000000;\" href=\"\/rallyeteam\/auto\">Auto<\/a><\/span><\/p><p><span style=\"color: #000000;\"><a style=\"color: #000000;\" href=\"\/rallyeteam\/saison\">Saison<\/a><\/span><\/p><p><span style=\"color: #000000;\"><a style=\"color: #000000;\" href=\"\/rallyeteam\/partner\">Partner<\/a><\/span><\/p><p><span style=\"color: #000000;\"><a style=\"color: #000000;\" href=\"\/rallyeteam\/kontakt\">Kontakt<\/a><\/span><\/p><\/div>\n\t\t\t\t<\/div>\n\t\t\t\t<\/div>\n\t\t\t\t\t\t<\/div>\n\t\t\t<\/div>\n\t\t<\/div>\n\t\t\t\t<div class=\"elementor-element elementor-element-547a7a85 elementor-column elementor-col-33 elementor-inner-column\" data-id=\"547a7a85\" data-element_type=\"column\">\n\t\t\t<div class=\"elementor-column-wrap  elementor-element-populated\">\n\t\t\t\t\t<div class=\"elementor-widget-wrap\">\n\t\t\t\t<div class=\"elementor-element elementor-element-64218e54 elementor-widget elementor-widget-heading\" data-id=\"64218e54\" data-element_type=\"widget\" data-widget_type=\"heading.default\">\n\t\t\t\t<div class=\"elementor-widget-container\">\n\t\t\t<h2 class=\"elementor-heading-title elementor-size-default\">FOLGE UNS HIER<\/h2>\t\t<\/div>\n\t\t\t\t<\/div>\n\t\t\t\t<div class=\"elementor-element elementor-element-53885376 elementor-widget elementor-widget-divider\" data-id=\"53885376\" data-element_type=\"widget\" data-widget_type=\"divider.default\">\n\t\t\t\t<div class=\"elementor-widget-container\">\n\t\t\t\t\t<div class=\"elementor-divider\">\n\t\t\t<span class=\"elementor-divider-separator\">\n\t\t\t\t\t\t<\/span>\n\t\t<\/div>\n\t\t\t\t<\/div>\n\t\t\t\t<\/div>\n\t\t\t\t<div class=\"elementor-element elementor-element-f6c6f65 elementor-widget elementor-widget-text-editor\" data-id=\"f6c6f65\" data-element_type=\"widget\" data-widget_type=\"text-editor.default\">\n\t\t\t\t<div class=\"elementor-widget-container\">\n\t\t\t\t\t<div class=\"elementor-text-editor elementor-clearfix\"><p><a href=\"https:\/\/www.facebook.com\/MM17.de\/\" target=\"_blank\" rel=\"noopener\"><img class=\"alignleft wp-image-182\" role=\"img\" src=\"http:\/\/michelmathes.de\/rallyeteam\/wp-content\/uploads\/2020\/04\/facebook.svg\" alt=\"\" width=\"75\" srcset=\"http:\/\/michelmathes.de\/rallyeteam\/wp-content\/uploads\/\/2020\/04\/facebook.svg 150w, http:\/\/michelmathes.de\/rallyeteam\/wp-content\/uploads\/\/2020\/04\/facebook.svg 300w, http:\/\/michelmathes.de\/rallyeteam\/wp-content\/uploads\/\/2020\/04\/facebook.svg 1024w, http:\/\/michelmathes.de\/rallyeteam\/wp-content\/uploads\/\/2020\/04\/facebook.svg 1536w, http:\/\/michelmathes.de\/rallyeteam\/wp-content\/uploads\/\/2020\/04\/facebook.svg 2048w, http:\/\/michelmathes.de\/rallyeteam\/wp-content\/uploads\/\/2020\/04\/facebook.svg 188w\" sizes=\"(max-width: 188px) 100vw, 188px\" \/><\/a><a href=\"https:\/\/www.instagram.com\/mm17.de\/\" target=\"_blank\" rel=\"noopener\"><img class=\"alignleft wp-image-183\" role=\"img\" src=\"http:\/\/michelmathes.de\/rallyeteam\/wp-content\/uploads\/2020\/04\/instagram.svg\" alt=\"\" width=\"75\" srcset=\"http:\/\/michelmathes.de\/rallyeteam\/wp-content\/uploads\/\/2020\/04\/instagram.svg 150w, http:\/\/michelmathes.de\/rallyeteam\/wp-content\/uploads\/\/2020\/04\/instagram.svg 300w, http:\/\/michelmathes.de\/rallyeteam\/wp-content\/uploads\/\/2020\/04\/instagram.svg 1024w, http:\/\/michelmathes.de\/rallyeteam\/wp-content\/uploads\/\/2020\/04\/instagram.svg 1536w, http:\/\/michelmathes.de\/rallyeteam\/wp-content\/uploads\/\/2020\/04\/instagram.svg 2048w, http:\/\/michelmathes.de\/rallyeteam\/wp-content\/uploads\/\/2020\/04\/instagram.svg 188w\" sizes=\"(max-width: 188px) 100vw, 188px\" \/><\/a><\/p><\/div>\n\t\t\t\t<\/div>\n\t\t\t\t<\/div>\n\t\t\t\t\t\t<\/div>\n\t\t\t<\/div>\n\t\t<\/div>\n\t\t\t\t\t\t<\/div>\n\t\t\t<\/div>\n\t\t<\/section>\n\t\t\t\t\t\t<\/div>\n\t\t\t<\/div>\n\t\t<\/div>\n\t\t\t\t\t\t<\/div>\n\t\t\t<\/div>\n\t\t<\/section>\n\t\t\t\t<section class=\"elementor-element elementor-element-12eb2680 elementor-section-stretched elementor-section-height-min-height elementor-section-boxed elementor-section-height-default elementor-section-items-middle elementor-section elementor-top-section\" data-id=\"12eb2680\" data-element_type=\"section\" data-settings=\"{&quot;stretch_section&quot;:&quot;section-stretched&quot;,&quot;background_background&quot;:&quot;classic&quot;}\">\n\t\t\t\t\t\t<div class=\"elementor-container elementor-column-gap-default\">\n\t\t\t\t<div class=\"elementor-row\">\n\t\t\t\t<div class=\"elementor-element elementor-element-3650096a elementor-column elementor-col-100 elementor-top-column\" data-id=\"3650096a\" data-element_type=\"column\">\n\t\t\t<div class=\"elementor-column-wrap  elementor-element-populated\">\n\t\t\t\t\t<div class=\"elementor-widget-wrap\">\n\t\t\t\t<div class=\"elementor-element elementor-element-1199aead elementor-widget elementor-widget-text-editor\" data-id=\"1199aead\" data-element_type=\"widget\" data-widget_type=\"text-editor.default\">\n\t\t\t\t<div class=\"elementor-widget-container\">\n\t\t\t\t\t<div class=\"elementor-text-editor elementor-clearfix\"><p><span style=\"color: #ffffff;\"><a style=\"color: #ffffff;\" href=\"\/rallyeteam\/impressum\">Impressum<\/a><\/span> | <span style=\"color: #ffffff;\"><a style=\"color: #ffffff;\" href=\"\/rallyeteam\/datenschutz\">Datenschutz<\/a><\/span><\/p><\/div>\n\t\t\t\t<\/div>\n\t\t\t\t<\/div>\n\t\t\t\t\t\t<\/div>\n\t\t\t<\/div>\n\t\t<\/div>\n\t\t\t\t\t\t<\/div>\n\t\t\t<\/div>\n\t\t<\/section>\n\t\t\t\t\t\t<\/div>\n\t\t\t<\/div>\n\t\t<\/div>\n\t\t","protected":false},"excerpt":{"rendered":"<p>RALLYE HESSISCHES BERGLAND 14. + 15.11.2019 | MELSUNGEN Mitte November haben Julius und ich als Saisonabschluss an der Rallye Hessisches Berglandteilgenommen. Die Veranstaltung war Endlauf zum DMSB Rallye Cup und ging \u00fcber zwei Tage. Da wir ausdieser Meisterschaft ausgeschlossen wurden und eh nur noch ein weiteres Fahrzeug in unserer Klassegenannt hatte, ging es f\u00fcr uns [&hellip;]<\/p>\n","protected":false},"author":1,"featured_media":0,"comment_status":"closed","ping_status":"closed","sticky":false,"template":"","format":"standard","meta":{"_monsterinsights_skip_tracking":false,"_monsterinsights_sitenote_active":false,"_monsterinsights_sitenote_note":"","_monsterinsights_sitenote_category":0},"categories":[1],"tags":[],"_links":{"self":[{"href":"http:\/\/michelmathes.de\/rallyeteam\/wp-json\/wp\/v2\/posts\/655"}],"collection":[{"href":"http:\/\/michelmathes.de\/rallyeteam\/wp-json\/wp\/v2\/posts"}],"about":[{"href":"http:\/\/michelmathes.de\/rallyeteam\/wp-json\/wp\/v2\/types\/post"}],"author":[{"embeddable":true,"href":"http:\/\/michelmathes.de\/rallyeteam\/wp-json\/wp\/v2\/users\/1"}],"replies":[{"embeddable":true,"href":"http:\/\/michelmathes.de\/rallyeteam\/wp-json\/wp\/v2\/comments?post=655"}],"version-history":[{"count":10,"href":"http:\/\/michelmathes.de\/rallyeteam\/wp-json\/wp\/v2\/posts\/655\/revisions"}],"predecessor-version":[{"id":802,"href":"http:\/\/michelmathes.de\/rallyeteam\/wp-json\/wp\/v2\/posts\/655\/revisions\/802"}],"wp:attachment":[{"href":"http:\/\/michelmathes.de\/rallyeteam\/wp-json\/wp\/v2\/media?parent=655"}],"wp:term":[{"taxonomy":"category","embeddable":true,"href":"http:\/\/michelmathes.de\/rallyeteam\/wp-json\/wp\/v2\/categories?post=655"},{"taxonomy":"post_tag","embeddable":true,"href":"http:\/\/michelmathes.de\/rallyeteam\/wp-json\/wp\/v2\/tags?post=655"}],"curies":[{"name":"wp","href":"https:\/\/api.w.org\/{rel}","templated":true}]}}